{"id":2768,"date":"2025-12-02T12:45:15","date_gmt":"2025-12-02T11:45:15","guid":{"rendered":"https:\/\/cifpn1.com\/siop\/?p=2768"},"modified":"2025-12-02T12:45:15","modified_gmt":"2025-12-02T11:45:15","slug":"premios-educaweb-2025-cuatro-proyectos-ganadores-que-reinventan-la-orientacion-academica-y-profesional","status":"publish","type":"post","link":"https:\/\/cifpn1.com\/siop\/?p=2768","title":{"rendered":"Premios Educaweb 2025: cuatro proyectos ganadores que reinventan la orientaci\u00f3n acad\u00e9mica y profesional"},"content":{"rendered":"<p style=\"text-align: justify;\">La 18\u00aa edici\u00f3n de los <a href=\"http:\/\/www.educaweb.com\/premios\">Premios Educaweb de Orientaci\u00f3n Acad\u00e9mica y Profesional<\/a> vuelve a reunir a los profesionales de la educaci\u00f3n y la orientaci\u00f3n el 27 de noviembre en el Hub Social de Barcelona.\u00a0 Reconoce iniciativas pioneras que acercan la FP a la infancia, impulsan la inclusi\u00f3n y apuestan por la innovaci\u00f3n tecnol\u00f3gica para orientar.<\/p>\n<p style=\"text-align: center;\"><img loading=\"lazy\" decoding=\"async\" class=\"wp-image-2791 alignnone\" src=\"https:\/\/cifpn1.com\/siop\/wp-content\/uploads\/2025\/12\/IMG-20251127-WA0090-1-300x225.jpg\" alt=\"\" width=\"513\" height=\"385\" srcset=\"https:\/\/cifpn1.com\/siop\/wp-content\/uploads\/2025\/12\/IMG-20251127-WA0090-1-300x225.jpg 300w, https:\/\/cifpn1.com\/siop\/wp-content\/uploads\/2025\/12\/IMG-20251127-WA0090-1-650x488.jpg 650w, https:\/\/cifpn1.com\/siop\/wp-content\/uploads\/2025\/12\/IMG-20251127-WA0090-1-768x576.jpg 768w, https:\/\/cifpn1.com\/siop\/wp-content\/uploads\/2025\/12\/IMG-20251127-WA0090-1-1536x1152.jpg 1536w, https:\/\/cifpn1.com\/siop\/wp-content\/uploads\/2025\/12\/IMG-20251127-WA0090-1-1200x900.jpg 1200w, https:\/\/cifpn1.com\/siop\/wp-content\/uploads\/2025\/12\/IMG-20251127-WA0090-1.jpg 2048w\" sizes=\"auto, (max-width: 513px) 100vw, 513px\" \/><\/p>\n<p style=\"text-align: justify;\">-En la categor\u00eda Instituciones ha ganado el Programa de Orientaci\u00f3n Vocacional de la Escuela Terap\u00e9utica Can Ros, de Amalgama7.<\/p>\n<p style=\"text-align: justify;\">&#8211;<strong>En la categor\u00eda para Centros de FP se ha premiado el proyecto \u00a1Ac\u00e9rcate a la FP!, del CIFP n\u00famero uno de Santander.<\/strong><\/p>\n<p style=\"text-align: justify;\">-En la categor\u00eda Profesionales ha ganado el juego de mesa Planeta Talento, de Carlos Bella Sancho y Juan Mart\u00ednez de Salinas Murillo.<\/p>\n<p style=\"text-align: justify;\">-En la categor\u00eda Empresas se ha premiado a la Gu\u00eda Digital de Orientaci\u00f3n de Castilla y Le\u00f3n, desarrollada por la Fundaci\u00f3n Empresa Familiar de Castilla y Le\u00f3n.\u00a0<\/p>\n<p style=\"text-align: justify;\">-La Menci\u00f3n Ciudad Orientadora la ha obtenido Melbourne, por su amplia variedad de servicios de orientaci\u00f3n.<\/p>\n<p style=\"text-align: center;\"><div style=\"width: 848px;\" class=\"wp-video\"><video class=\"wp-video-shortcode\" id=\"video-2768-1\" width=\"848\" height=\"382\" preload=\"metadata\" controls=\"controls\"><source type=\"video\/mp4\" src=\"https:\/\/cifpn1.com\/siop\/wp-content\/uploads\/2025\/12\/Video-Premios-Educaweb.mp4?_=1\" \/><a href=\"https:\/\/cifpn1.com\/siop\/wp-content\/uploads\/2025\/12\/Video-Premios-Educaweb.mp4\">https:\/\/cifpn1.com\/siop\/wp-content\/uploads\/2025\/12\/Video-Premios-Educaweb.mp4<\/a><\/video><\/div><\/p>\n<p style=\"text-align: justify;\"><span style=\"font-weight: 400;\">Los <\/span><b>Premios Educaweb de Orientaci\u00f3n Acad\u00e9mica y Profesional<\/b><span style=\"font-weight: 400;\"> han celebrado su <\/span><b>18\u00aa edici\u00f3n<\/b> <b>reconociendo proyectos que cambian vidas<\/b><span style=\"font-weight: 400;\">: desde programas que apoyan a j\u00f3venes en situaci\u00f3n de vulnerabilidad hasta iniciativas que promueven la FP desde la infancia, o que integran la tecnolog\u00eda y la creatividad para facilitar la elecci\u00f3n del futuro profesional.<\/span><\/p>\n<p style=\"text-align: justify;\">El acto de entrega de los galardones, celebrado el jueves 27 de noviembre en el Hub Social de Barcelona y retransmitido por <a href=\"https:\/\/www.youtube.com\/watch?v=8dUMzvqmolY&amp;t=248s\">streaming<\/a>, ha sido un punto de encuentro para compartir experiencias orientadoras y reconocer la labor de quienes acompa\u00f1an a las personas en la construcci\u00f3n de su futuro formativo y profesional.<\/p>\n<p style=\"text-align: justify;\">\u201cLos proyectos ganadores demuestran que la orientaci\u00f3n es una herramienta de transformaci\u00f3n social capaz de cambiar vidas y reducir desigualdades\u201d, destac\u00f3 Montserrat Oliveras Bagu\u00e9s, directora editorial, cofundadora y coCEO de Educaweb, en la ceremonia.<\/p>\n<p style=\"text-align: justify;\">Durante el acto, Josep Matal\u00ed, psic\u00f3logo cl\u00ednico y coordinador de la Unidad de Conductas Adictivas del Hospital Sant Joan de D\u00e9u de Barcelona, ha ofrecido las claves sobre la influencia de las pantallas y las redes sociales en las decisiones acad\u00e9micas y profesionales de los j\u00f3venes.<\/p>\n<p style=\"text-align: justify;\">El acto, que reuni\u00f3 a m\u00e1s de 150 personas, cont\u00f3 con la presencia de Esther Monterrubio, secretaria general de FP en el Ministerio de Educaci\u00f3n, Formaci\u00f3n Profesional y Deportes; as\u00ed como Mireia Besora, diputada adjunta de la Diputaci\u00f3 de Barcelona, entre otras personalidades y profesionales del sector educativo y de la orientaci\u00f3n.\u00a0<\/p>\n<p style=\"text-align: center;\"><div id=\"metaslider-id-2769\" style=\"width: 100%;\" class=\"ml-slider-3-108-0 metaslider metaslider-flex metaslider-2769 ml-slider has-dots-nav ms-theme-default-base\" role=\"region\" aria-label=\"Premios Educaweb\" data-height=\"360\" data-width=\"640\">\n    <div id=\"metaslider_container_2769\">\n        <div id=\"metaslider_2769\">\n            <ul aria-live='off' class='slides'>\n                <li style=\"display: block; width: 100%;\" class=\"slide-2782 ms-image \" aria-roledescription=\"slide\" data-date=\"2025-12-02 12:04:44\" data-filename=\"IMG-20251130-WA0021-640x360.jpg\" data-slide-type=\"image\"><img loading=\"lazy\" decoding=\"async\" src=\"https:\/\/cifpn1.com\/siop\/wp-content\/uploads\/2025\/12\/IMG-20251130-WA0021-640x360.jpg\" height=\"360\" width=\"640\" alt=\"\" class=\"slider-2769 slide-2782 msDefaultImage\" title=\"IMG-20251130-WA0021\" \/><\/li>\n                <li style=\"display: none; width: 100%;\" class=\"slide-2781 ms-image \" aria-roledescription=\"slide\" data-date=\"2025-12-02 12:04:44\" data-filename=\"IMG-20251128-WA0004-640x360.jpg\" data-slide-type=\"image\"><img loading=\"lazy\" decoding=\"async\" src=\"https:\/\/cifpn1.com\/siop\/wp-content\/uploads\/2025\/12\/IMG-20251128-WA0004-640x360.jpg\" height=\"360\" width=\"640\" alt=\"\" class=\"slider-2769 slide-2781 msDefaultImage\" title=\"IMG-20251128-WA0004\" \/><\/li>\n                <li style=\"display: none; width: 100%;\" class=\"slide-2783 ms-image \" aria-roledescription=\"slide\" data-date=\"2025-12-02 12:04:44\" data-filename=\"IMG-20251127-WA0088-640x360.jpg\" data-slide-type=\"image\"><img loading=\"lazy\" decoding=\"async\" src=\"https:\/\/cifpn1.com\/siop\/wp-content\/uploads\/2025\/12\/IMG-20251127-WA0088-640x360.jpg\" height=\"360\" width=\"640\" alt=\"\" class=\"slider-2769 slide-2783 msDefaultImage\" title=\"IMG-20251127-WA0088\" \/><\/li>\n                <li style=\"display: none; width: 100%;\" class=\"slide-2778 ms-image \" aria-roledescription=\"slide\" data-date=\"2025-12-02 12:04:44\" data-filename=\"IMG-20251127-WA0063-640x360.jpg\" data-slide-type=\"image\"><img loading=\"lazy\" decoding=\"async\" src=\"https:\/\/cifpn1.com\/siop\/wp-content\/uploads\/2025\/12\/IMG-20251127-WA0063-640x360.jpg\" height=\"360\" width=\"640\" alt=\"\" class=\"slider-2769 slide-2778 msDefaultImage\" title=\"IMG-20251127-WA0063\" \/><\/li>\n                <li style=\"display: none; width: 100%;\" class=\"slide-2779 ms-image \" aria-roledescription=\"slide\" data-date=\"2025-12-02 12:04:44\" data-filename=\"IMG-20251128-WA0022-640x360.jpg\" data-slide-type=\"image\"><img loading=\"lazy\" decoding=\"async\" src=\"https:\/\/cifpn1.com\/siop\/wp-content\/uploads\/2025\/12\/IMG-20251128-WA0022-640x360.jpg\" height=\"360\" width=\"640\" alt=\"\" class=\"slider-2769 slide-2779 msDefaultImage\" title=\"IMG-20251128-WA0022\" \/><\/li>\n            <\/ul>\n        <\/div>\n        \n    <\/div>\n<\/div><\/p>\n<h3><span style=\"font-weight: 400;\">Premio iFP Innovaci\u00f3n en Formaci\u00f3n Profesional-Educaweb para Centros de FP\u00a0<\/span><\/h3>\n<p><span style=\"font-weight: 400;\">Ha sido para el<\/span> <span style=\"font-weight: 400;\">proyecto <\/span><a href=\"https:\/\/static.educaweb.com\/pdf\/premi\/18-edicio\/proyectos\/premioseducaweb2025-centrosfp-web-final.pdf\"><b><i>\u00a1Ac\u00e9rcate a la FP!<\/i><\/b><\/a> <span style=\"font-weight: 400;\">del <\/span><b>Centro Integrado de FP n\u00famero uno de Santander (Cantabria)<\/b><span style=\"font-weight: 400;\">, dirigido a ni\u00f1os y ni\u00f1as de Infantil y Primaria.\u00a0<\/span><\/p>\n<p><span style=\"font-weight: 400;\">El programa facilita que <\/span><b>los m\u00e1s peque\u00f1os conozcan de cerca la FP de las familias Transporte y Mantenimiento de Veh\u00edculos y de Electricidad y Electr\u00f3nica<\/b><span style=\"font-weight: 400;\"> a trav\u00e9s de talleres, experiencias pr\u00e1cticas y el contacto directo con estudiantes y profesionales.<\/span><\/p>\n<p style=\"text-align: center;\">\u00a0<\/p>\n","protected":false},"excerpt":{"rendered":"<p>La 18\u00aa edici\u00f3n de los Premios Educaweb de Orientaci\u00f3n Acad\u00e9mica y Profesional vuelve a reunir a los profesionales de la educaci\u00f3n y la orientaci\u00f3n el 27 de noviembre en el Hub Social de Barcelona.\u00a0 Reconoce iniciativas pioneras que acercan la &hellip; <a href=\"https:\/\/cifpn1.com\/siop\/?p=2768\">Sigue leyendo <span class=\"meta-nav\">&rarr;<\/span><\/a><\/p>\n","protected":false},"author":7,"featured_media":0,"comment_status":"closed","ping_status":"closed","sticky":false,"template":"","format":"standard","meta":{"footnotes":""},"categories":[29,28,7],"tags":[],"class_list":["post-2768","post","type-post","status-publish","format-standard","hentry","category-actividades","category-jornadas","category-https-cifpn1-com-siop-orientacionprofesional"],"_links":{"self":[{"href":"https:\/\/cifpn1.com\/siop\/index.php?rest_route=\/wp\/v2\/posts\/2768","targetHints":{"allow":["GET"]}}],"collection":[{"href":"https:\/\/cifpn1.com\/siop\/index.php?rest_route=\/wp\/v2\/posts"}],"about":[{"href":"https:\/\/cifpn1.com\/siop\/index.php?rest_route=\/wp\/v2\/types\/post"}],"author":[{"embeddable":true,"href":"https:\/\/cifpn1.com\/siop\/index.php?rest_route=\/wp\/v2\/users\/7"}],"replies":[{"embeddable":true,"href":"https:\/\/cifpn1.com\/siop\/index.php?rest_route=%2Fwp%2Fv2%2Fcomments&post=2768"}],"version-history":[{"count":6,"href":"https:\/\/cifpn1.com\/siop\/index.php?rest_route=\/wp\/v2\/posts\/2768\/revisions"}],"predecessor-version":[{"id":2793,"href":"https:\/\/cifpn1.com\/siop\/index.php?rest_route=\/wp\/v2\/posts\/2768\/revisions\/2793"}],"wp:attachment":[{"href":"https:\/\/cifpn1.com\/siop\/index.php?rest_route=%2Fwp%2Fv2%2Fmedia&parent=2768"}],"wp:term":[{"taxonomy":"category","embeddable":true,"href":"https:\/\/cifpn1.com\/siop\/index.php?rest_route=%2Fwp%2Fv2%2Fcategories&post=2768"},{"taxonomy":"post_tag","embeddable":true,"href":"https:\/\/cifpn1.com\/siop\/index.php?rest_route=%2Fwp%2Fv2%2Ftags&post=2768"}],"curies":[{"name":"wp","href":"https:\/\/api.w.org\/{rel}","templated":true}]}}