{"id":2509,"date":"2025-02-18T10:05:03","date_gmt":"2025-02-18T09:05:03","guid":{"rendered":"https:\/\/cifpn1.com\/siop\/?p=2509"},"modified":"2025-02-18T10:05:03","modified_gmt":"2025-02-18T09:05:03","slug":"marco-espanol-de-cualificaciones","status":"publish","type":"post","link":"https:\/\/cifpn1.com\/siop\/?p=2509","title":{"rendered":"Marco Espa\u00f1ol de Cualificaciones"},"content":{"rendered":"<p style=\"text-align: justify;\"><a title=\"Enlace externo, se abre en ventana nueva.\" href=\"https:\/\/www.boe.es\/eli\/es\/rd\/2022\/04\/12\/272\/con\" target=\"_blank\" rel=\"external noopener\" data-insuit-uuid=\"905c7853-7a3e-4169-8f48-547249cd341e\"><strong id=\"i4t-id-7mf1i5c2r\">El Marco Espa\u00f1ol de Cualificaciones para el Aprendizaje Permanente (MECU)<\/strong><\/a> es un instrumento, reconocido internacionalmente, cuya finalidad es orientar la clasificaci\u00f3n, comparabilidad y transparencia de las cualificaciones acreditadas oficialmente.<\/p>\n<p style=\"text-align: justify;\">Permitir\u00e1 dinamizar el proceso de aprendizaje a lo largo de la vida, al recoger e integrar todos los aprendizajes validados en Espa\u00f1a.<\/p>\n<p style=\"text-align: justify;\"><img loading=\"lazy\" decoding=\"async\" class=\"aligncenter  wp-image-2510\" src=\"https:\/\/cifpn1.com\/siop\/wp-content\/uploads\/2025\/02\/si-es-no-es.jpg-212x300.jpg\" alt=\"\" width=\"273\" height=\"386\" srcset=\"https:\/\/cifpn1.com\/siop\/wp-content\/uploads\/2025\/02\/si-es-no-es.jpg-212x300.jpg 212w, https:\/\/cifpn1.com\/siop\/wp-content\/uploads\/2025\/02\/si-es-no-es.jpg.jpg 576w\" sizes=\"auto, (max-width: 273px) 100vw, 273px\" \/><\/p>\n<div class=\"cblq fondo info\" role=\"region\" aria-labelledby=\"i4t-id-ue1kp7dud\" data-insuit-uuid=\"bf4d6eac-3f05-4cdb-8869-09f514218c20\">\n<div class=\"cte\">\n<p style=\"text-align: justify;\"><strong id=\"i4t-id-ue1kp7dud\">El MECU es\u00a0<\/strong>un marco nacional que estructura las cualificaciones por niveles, abarcando desde los aprendizajes m\u00e1s b\u00e1sicos a las de mayor complejidad. Incluye:<\/p>\n<ul style=\"text-align: justify;\">\n<li>T\u00edtulos y certificaciones oficiales del sistema educativo.<\/li>\n<li>Certificados de profesionalidad en el \u00e1mbito de la Formaci\u00f3n Profesional para el Empleo.<\/li>\n<\/ul>\n<\/div>\n<\/div>\n<div class=\"cte\" style=\"text-align: justify;\" role=\"region\" aria-labelledby=\"i4t-id-rir0fytqt\" data-insuit-uuid=\"333de13f-4b8b-4353-9751-011cf213dfff\">\n<p><strong id=\"i4t-id-rir0fytqt\">El MECU no es:<\/strong><\/p>\n<ul>\n<li>Un nuevo sistema de clasificaci\u00f3n de los estudios.<\/li>\n<li>Un procedimiento de homologaci\u00f3n o convalidaci\u00f3n de t\u00edtulos (aunque s\u00ed es una herramienta clave para el reconocimiento).<\/li>\n<li>Un Sistema Nacional de Cualificaciones.<\/li>\n<\/ul>\n<\/div>\n<div class=\"cte\" style=\"text-align: justify;\">\n<h2 class=\"subrayado\">Utilidad<\/h2>\n<p>A partir de la entrada en vigor del Marco Espa\u00f1ol de Cualificaciones para el Aprendizaje Permanente (MECU), se har\u00e1 constar, en cada uno de los t\u00edtulos, certificaciones oficiales y certificados, el nivel del marco correspondiente.<\/p>\n<\/div>\n<div class=\"cblq fondo info\">\n<div class=\"cte\">\n<p style=\"text-align: justify;\">El nivel del MECU que aparezca en un t\u00edtulo, certificaci\u00f3n oficial y certificado informar\u00e1:<\/p>\n<ul>\n<li style=\"text-align: justify;\">A la\u00a0<strong>persona interesada<\/strong>, sobre el nivel de su cualificaci\u00f3n.<\/li>\n<li style=\"text-align: justify;\">A los\/as\u00a0<strong>empleadores\/as<\/strong>, sobre las competencias de los\/as trabajadores\/as.<\/li>\n<li style=\"text-align: justify;\">A las\u00a0<strong>entidades de formaci\u00f3n<\/strong>, sobre las necesidades formativas reales de las personas en proceso de formaci\u00f3n.<\/li>\n<li style=\"text-align: justify;\"><strong>En general<\/strong>, de la correspondencia entre el nivel del MECU y el correspondiente en el Marco Europeo de Cualificaciones (EQF), facilitando la movilidad internacional de estudiantes y personas trabajadoras, en igualdad de condiciones con el resto de la ciudadan\u00eda europea.<\/li>\n<\/ul>\n<\/div>\n<div class=\"clear\" style=\"text-align: justify;\"><span style=\"font-family: 'Helvetica Neue', Arial, Helvetica, 'Nimbus Sans L', sans-serif; font-size: 25px; font-weight: bold; color: #444444;\">Estructura<\/span><\/div>\n<\/div>\n<div class=\"cte\">\n<p style=\"text-align: justify;\">El MECU contempla todas las cualificaciones del aprendizaje a lo largo de la vida, es decir, todos los aprendizajes adquiridos por una persona y que han mejorado sus conocimientos te\u00f3ricos o pr\u00e1cticos, sus destrezas y competencias. Se reconocer\u00e1 a cada cualificaci\u00f3n (t\u00edtulos y certificaciones oficiales) un nivel del MECU.<\/p>\n<p style=\"text-align: justify;\">Atendiendo a la recomendaci\u00f3n europea de facilitar la incorporaci\u00f3n progresiva en el marco de los aprendizajes no formales, este real decreto constituye una primera fase de la definici\u00f3n del Marco Espa\u00f1ol de las Cualificaciones para el Aprendizaje Permanente, dado que recoge las formaciones regladas del sistema educativo, sin incluir las formaciones no formales que habr\u00e1n de incorporarse en una segunda fase.<\/p>\n<p><img loading=\"lazy\" decoding=\"async\" class=\"aligncenter  wp-image-2511\" src=\"https:\/\/cifpn1.com\/siop\/wp-content\/uploads\/2025\/02\/niveles-mecu-17102022.jpg-300x225.jpg\" alt=\"\" width=\"388\" height=\"291\" srcset=\"https:\/\/cifpn1.com\/siop\/wp-content\/uploads\/2025\/02\/niveles-mecu-17102022.jpg-300x225.jpg 300w, https:\/\/cifpn1.com\/siop\/wp-content\/uploads\/2025\/02\/niveles-mecu-17102022.jpg-650x488.jpg 650w, https:\/\/cifpn1.com\/siop\/wp-content\/uploads\/2025\/02\/niveles-mecu-17102022.jpg-768x576.jpg 768w, https:\/\/cifpn1.com\/siop\/wp-content\/uploads\/2025\/02\/niveles-mecu-17102022.jpg.jpg 864w\" sizes=\"auto, (max-width: 388px) 100vw, 388px\" \/><\/p>\n<p style=\"text-align: justify;\"><strong>Niveles MECU<\/strong><\/p>\n<ul>\n<li style=\"text-align: justify;\">Nivel 1: Educaci\u00f3n Primaria.<\/li>\n<li style=\"text-align: justify;\">Nivel 2: Certificaci\u00f3n de superaci\u00f3n de 2\u00ba de la ESO. Certificado de Formaci\u00f3n Profesional de Grado B\u00e1sico para alumnos y alumnas con necesidades educativas especiales o colectivos espec\u00edficos.<\/li>\n<li style=\"text-align: justify;\">Nivel 3:\n<ul>\n<li>3A: T\u00edtulo de Graduado en ESO o T\u00e9cnico B\u00e1sico.<\/li>\n<li>3B: Certificaci\u00f3n de Profesionalidad Nivel 1.<\/li>\n<\/ul>\n<\/li>\n<li style=\"text-align: justify;\">Nivel 4:\n<ul>\n<li>4A: T\u00edtulo de Bachiller. T\u00edtulo de T\u00e9cnico de Formaci\u00f3n Profesional, Ense\u00f1anzas Profesionales de M\u00fasica, Ense\u00f1anzas Profesionales de Danza, Artes Pl\u00e1sticas y Dise\u00f1o o Deportivo.<\/li>\n<li>4B: Certificado de Profesionalidad Nivel 2.<\/li>\n<li>4C: Curso de Especializaci\u00f3n de Grado Medio.<\/li>\n<\/ul>\n<\/li>\n<li style=\"text-align: justify;\">Nivel 5:\n<ul>\n<li>5A: Correspondencia con el Nivel 1 del Marco Espa\u00f1ol de Cualificaciones para la Educaci\u00f3n Superior (MECES). T\u00edtulo de T\u00e9cnico Superior de Formaci\u00f3n Profesional, Artes Pl\u00e1sticas y Dise\u00f1o o Deportivo.<\/li>\n<li>5B: Certificado de Profesionalidad Nivel 3.<\/li>\n<li>5C: Curso de Especializaci\u00f3n de Grado Superior.<\/li>\n<\/ul>\n<\/li>\n<li style=\"text-align: justify;\">Nivel 6:\n<ul>\n<li>Correspondencia con el Nivel 2 del Marco Espa\u00f1ol de Cualificaciones para la Educaci\u00f3n Superior (MECES). Grado o T\u00e9cnico Superior de Ense\u00f1anzas Art\u00edsticas Superiores.<\/li>\n<\/ul>\n<\/li>\n<li style=\"text-align: justify;\">Nivel 7:\n<ul>\n<li>Correspondencia con el Nivel 3 del Marco Espa\u00f1ol de Cualificaciones para la Educaci\u00f3n Superior (MECES). M\u00e1ster o Grado largo.<\/li>\n<\/ul>\n<\/li>\n<li>Nivel 8:\n<ul>\n<li style=\"text-align: justify;\">Correspondencia con el Nivel 4 del Marco Espa\u00f1ol de Cualificaciones para la Educaci\u00f3n Superior (MECES). Doctorado.<\/li>\n<\/ul>\n<\/li>\n<\/ul>\n<\/div>\n","protected":false},"excerpt":{"rendered":"<p>El Marco Espa\u00f1ol de Cualificaciones para el Aprendizaje Permanente (MECU) es un instrumento, reconocido internacionalmente, cuya finalidad es orientar la clasificaci\u00f3n, comparabilidad y transparencia de las cualificaciones acreditadas oficialmente. Permitir\u00e1 dinamizar el proceso de aprendizaje a lo largo de la &hellip; <a href=\"https:\/\/cifpn1.com\/siop\/?p=2509\">Sigue leyendo <span class=\"meta-nav\">&rarr;<\/span><\/a><\/p>\n","protected":false},"author":7,"featured_media":0,"comment_status":"closed","ping_status":"closed","sticky":false,"template":"","format":"standard","meta":{"footnotes":""},"categories":[7],"tags":[],"class_list":["post-2509","post","type-post","status-publish","format-standard","hentry","category-https-cifpn1-com-siop-orientacionprofesional"],"_links":{"self":[{"href":"https:\/\/cifpn1.com\/siop\/index.php?rest_route=\/wp\/v2\/posts\/2509","targetHints":{"allow":["GET"]}}],"collection":[{"href":"https:\/\/cifpn1.com\/siop\/index.php?rest_route=\/wp\/v2\/posts"}],"about":[{"href":"https:\/\/cifpn1.com\/siop\/index.php?rest_route=\/wp\/v2\/types\/post"}],"author":[{"embeddable":true,"href":"https:\/\/cifpn1.com\/siop\/index.php?rest_route=\/wp\/v2\/users\/7"}],"replies":[{"embeddable":true,"href":"https:\/\/cifpn1.com\/siop\/index.php?rest_route=%2Fwp%2Fv2%2Fcomments&post=2509"}],"version-history":[{"count":3,"href":"https:\/\/cifpn1.com\/siop\/index.php?rest_route=\/wp\/v2\/posts\/2509\/revisions"}],"predecessor-version":[{"id":2514,"href":"https:\/\/cifpn1.com\/siop\/index.php?rest_route=\/wp\/v2\/posts\/2509\/revisions\/2514"}],"wp:attachment":[{"href":"https:\/\/cifpn1.com\/siop\/index.php?rest_route=%2Fwp%2Fv2%2Fmedia&parent=2509"}],"wp:term":[{"taxonomy":"category","embeddable":true,"href":"https:\/\/cifpn1.com\/siop\/index.php?rest_route=%2Fwp%2Fv2%2Fcategories&post=2509"},{"taxonomy":"post_tag","embeddable":true,"href":"https:\/\/cifpn1.com\/siop\/index.php?rest_route=%2Fwp%2Fv2%2Ftags&post=2509"}],"curies":[{"name":"wp","href":"https:\/\/api.w.org\/{rel}","templated":true}]}}