{"id":2484,"date":"2025-02-07T09:11:44","date_gmt":"2025-02-07T08:11:44","guid":{"rendered":"https:\/\/cifpn1.com\/siop\/?p=2484"},"modified":"2025-02-07T09:11:44","modified_gmt":"2025-02-07T08:11:44","slug":"iii-jornada-de-orientacion-profesional","status":"publish","type":"post","link":"https:\/\/cifpn1.com\/siop\/?p=2484","title":{"rendered":"III Jornada de Orientaci\u00f3n Profesional"},"content":{"rendered":"<p style=\"text-align: justify;\">En la Semana Tecnol\u00f3gica del Centro Integrado de Formaci\u00f3n Profesional N\u00famero Uno se ha celebrado la III Jornada de Orientaci\u00f3n Profesional en el sector de la automoci\u00f3n.<\/p>\n<p style=\"text-align: justify;\">A la Jornada han asistido 8 exalumnos y exalumnas del Centro y un emprendedor de mantenimiento y reparaci\u00f3n de coches de alta gama y de competici\u00f3n para exponernos su formaci\u00f3n acad\u00e9mica y los itinerarios profesionales por los que han optado como trabajar por cuenta ajena, el emprendimiento o la funci\u00f3n p\u00fablica.<\/p>\n<p style=\"text-align: justify;\">Las dos palabras que m\u00e1s se han repetido en el acto han sido ACTITUD y FORMACI\u00d3N PERMANENTE.<\/p>\n<p style=\"text-align: center;\"><div id=\"metaslider-id-2485\" style=\"width: 100%;\" class=\"ml-slider-3-108-0 metaslider metaslider-flex metaslider-2485 ml-slider has-dots-nav ms-theme-default-base\" role=\"region\" aria-label=\"Jornada de Orientaci\u00f3n Profesional\" data-height=\"360\" data-width=\"640\">\n    <div id=\"metaslider_container_2485\">\n        <div id=\"metaslider_2485\">\n            <ul class='slides'>\n                <li style=\"display: block; width: 100%;\" class=\"slide-2497 ms-image \" aria-roledescription=\"slide\" data-date=\"2025-02-07 09:07:54\" data-filename=\"IMG-20250204-WA0001-640x360.jpg\" data-slide-type=\"image\"><img loading=\"lazy\" decoding=\"async\" src=\"https:\/\/cifpn1.com\/siop\/wp-content\/uploads\/2025\/02\/IMG-20250204-WA0001-640x360.jpg\" height=\"360\" width=\"640\" alt=\"\" class=\"slider-2485 slide-2497 msDefaultImage\" title=\"IMG-20250204-WA0001\" \/><\/li>\n                <li style=\"display: none; width: 100%;\" class=\"slide-2495 ms-image \" aria-roledescription=\"slide\" data-date=\"2025-02-07 09:07:54\" data-filename=\"20250206_095623-640x360.jpg\" data-slide-type=\"image\"><img loading=\"lazy\" decoding=\"async\" src=\"https:\/\/cifpn1.com\/siop\/wp-content\/uploads\/2025\/02\/20250206_095623-640x360.jpg\" height=\"360\" width=\"640\" alt=\"\" class=\"slider-2485 slide-2495 msDefaultImage\" title=\"20250206_095623\" \/><\/li>\n                <li style=\"display: none; width: 100%;\" class=\"slide-2500 ms-image \" aria-roledescription=\"slide\" data-date=\"2025-02-07 09:07:54\" data-filename=\"IMG-20250204-WA0012-640x360.jpg\" data-slide-type=\"image\"><img loading=\"lazy\" decoding=\"async\" src=\"https:\/\/cifpn1.com\/siop\/wp-content\/uploads\/2025\/02\/IMG-20250204-WA0012-640x360.jpg\" height=\"360\" width=\"640\" alt=\"\" class=\"slider-2485 slide-2500 msDefaultImage\" title=\"IMG-20250204-WA0012\" \/><\/li>\n                <li style=\"display: none; width: 100%;\" class=\"slide-2498 ms-image \" aria-roledescription=\"slide\" data-date=\"2025-02-07 09:07:54\" data-filename=\"IMG-20250204-WA0007-640x360.jpg\" data-slide-type=\"image\"><img loading=\"lazy\" decoding=\"async\" src=\"https:\/\/cifpn1.com\/siop\/wp-content\/uploads\/2025\/02\/IMG-20250204-WA0007-640x360.jpg\" height=\"360\" width=\"640\" alt=\"\" class=\"slider-2485 slide-2498 msDefaultImage\" title=\"IMG-20250204-WA0007\" \/><\/li>\n                <li style=\"display: none; width: 100%;\" class=\"slide-2499 ms-image \" aria-roledescription=\"slide\" data-date=\"2025-02-07 09:07:54\" data-filename=\"IMG-20250204-WA0009-640x360.jpg\" data-slide-type=\"image\"><img loading=\"lazy\" decoding=\"async\" src=\"https:\/\/cifpn1.com\/siop\/wp-content\/uploads\/2025\/02\/IMG-20250204-WA0009-640x360.jpg\" height=\"360\" width=\"640\" alt=\"\" class=\"slider-2485 slide-2499 msDefaultImage\" title=\"IMG-20250204-WA0009\" \/><\/li>\n                <li style=\"display: none; width: 100%;\" class=\"slide-2503 ms-image \" aria-roledescription=\"slide\" data-date=\"2025-02-07 09:07:54\" data-filename=\"IMG-20250204-WA0025-640x360.jpg\" data-slide-type=\"image\"><img loading=\"lazy\" decoding=\"async\" src=\"https:\/\/cifpn1.com\/siop\/wp-content\/uploads\/2025\/02\/IMG-20250204-WA0025-640x360.jpg\" height=\"360\" width=\"640\" alt=\"\" class=\"slider-2485 slide-2503 msDefaultImage\" title=\"IMG-20250204-WA0025\" \/><\/li>\n                <li style=\"display: none; width: 100%;\" class=\"slide-2501 ms-image \" aria-roledescription=\"slide\" data-date=\"2025-02-07 09:07:54\" data-filename=\"IMG-20250204-WA0015-640x360.jpg\" data-slide-type=\"image\"><img loading=\"lazy\" decoding=\"async\" src=\"https:\/\/cifpn1.com\/siop\/wp-content\/uploads\/2025\/02\/IMG-20250204-WA0015-640x360.jpg\" height=\"360\" width=\"640\" alt=\"\" class=\"slider-2485 slide-2501 msDefaultImage\" title=\"IMG-20250204-WA0015\" \/><\/li>\n                <li style=\"display: none; width: 100%;\" class=\"slide-2496 ms-image \" aria-roledescription=\"slide\" data-date=\"2025-02-07 09:07:54\" data-filename=\"20250204_132655-scaled-640x360.jpg\" data-slide-type=\"image\"><img loading=\"lazy\" decoding=\"async\" src=\"https:\/\/cifpn1.com\/siop\/wp-content\/uploads\/2025\/02\/20250204_132655-scaled-640x360.jpg\" height=\"360\" width=\"640\" alt=\"\" class=\"slider-2485 slide-2496 msDefaultImage\" title=\"20250204_132655\" \/><\/li>\n            <\/ul>\n        <\/div>\n        \n    <\/div>\n<\/div><\/p>\n<p style=\"text-align: justify;\">El objetivo de esta Jornada es proporcionar informaci\u00f3n, gu\u00eda a nuestro alumnado de segundos cursos para que puedan autoorientarse y tomar decisiones lo m\u00e1s aut\u00f3nomas y acertadas posibles acerca de su futuro acad\u00e9mico y profesional.<\/p>\n<p style=\"text-align: justify;\">Dar las gracias por su generosidad y compartir sus experiencias a Jes\u00fas Orosa; Sergio Tejero; \u00c1ngel Lamfus; Gabriel G\u00f3mez Elena de la Puente; Sara Velarde; Adalberto S\u00e1nchez; Luis san Mill\u00e1n y Gustavo Castro.<\/p>\n","protected":false},"excerpt":{"rendered":"<p>En la Semana Tecnol\u00f3gica del Centro Integrado de Formaci\u00f3n Profesional N\u00famero Uno se ha celebrado la III Jornada de Orientaci\u00f3n Profesional en el sector de la automoci\u00f3n. A la Jornada han asistido 8 exalumnos y exalumnas del Centro y un &hellip; <a href=\"https:\/\/cifpn1.com\/siop\/?p=2484\">Sigue leyendo <span class=\"meta-nav\">&rarr;<\/span><\/a><\/p>\n","protected":false},"author":7,"featured_media":0,"comment_status":"closed","ping_status":"closed","sticky":false,"template":"","format":"standard","meta":{"footnotes":""},"categories":[28,7,1],"tags":[],"class_list":["post-2484","post","type-post","status-publish","format-standard","hentry","category-jornadas","category-https-cifpn1-com-siop-orientacionprofesional","category-sin-categoria"],"_links":{"self":[{"href":"https:\/\/cifpn1.com\/siop\/index.php?rest_route=\/wp\/v2\/posts\/2484","targetHints":{"allow":["GET"]}}],"collection":[{"href":"https:\/\/cifpn1.com\/siop\/index.php?rest_route=\/wp\/v2\/posts"}],"about":[{"href":"https:\/\/cifpn1.com\/siop\/index.php?rest_route=\/wp\/v2\/types\/post"}],"author":[{"embeddable":true,"href":"https:\/\/cifpn1.com\/siop\/index.php?rest_route=\/wp\/v2\/users\/7"}],"replies":[{"embeddable":true,"href":"https:\/\/cifpn1.com\/siop\/index.php?rest_route=%2Fwp%2Fv2%2Fcomments&post=2484"}],"version-history":[{"count":1,"href":"https:\/\/cifpn1.com\/siop\/index.php?rest_route=\/wp\/v2\/posts\/2484\/revisions"}],"predecessor-version":[{"id":2506,"href":"https:\/\/cifpn1.com\/siop\/index.php?rest_route=\/wp\/v2\/posts\/2484\/revisions\/2506"}],"wp:attachment":[{"href":"https:\/\/cifpn1.com\/siop\/index.php?rest_route=%2Fwp%2Fv2%2Fmedia&parent=2484"}],"wp:term":[{"taxonomy":"category","embeddable":true,"href":"https:\/\/cifpn1.com\/siop\/index.php?rest_route=%2Fwp%2Fv2%2Fcategories&post=2484"},{"taxonomy":"post_tag","embeddable":true,"href":"https:\/\/cifpn1.com\/siop\/index.php?rest_route=%2Fwp%2Fv2%2Ftags&post=2484"}],"curies":[{"name":"wp","href":"https:\/\/api.w.org\/{rel}","templated":true}]}}