{"id":233,"date":"2020-06-01T10:07:00","date_gmt":"2020-06-01T09:07:00","guid":{"rendered":"https:\/\/cifpn1.com\/siop\/?p=233"},"modified":"2021-04-12T17:02:26","modified_gmt":"2021-04-12T16:02:26","slug":"pruebas-de-acceso-a-ciclos-formativos-de-grado-medio-2020","status":"publish","type":"post","link":"https:\/\/cifpn1.com\/siop\/?p=233","title":{"rendered":"Pruebas de acceso a Ciclos Formativos de Grado Medio 2020"},"content":{"rendered":"<p><img loading=\"lazy\" decoding=\"async\" class=\"alignnone size-full wp-image-266 aligncenter\" src=\"https:\/\/cifpn1.com\/siop\/wp-content\/uploads\/2020\/06\/pruebas-de-acceso-en-FP.png\" alt=\"\" width=\"594\" height=\"328\" \/><\/p>\n<p style=\"text-align: justify;\">La superaci\u00f3n de estas pruebas permite el acceso a ciclos formativos de grado medio de Formaci\u00f3n Profesional a quienes no cuentan con los requisitos acad\u00e9micos para acceder de forma directa.\u00a0Para la preparaci\u00f3n de estas pruebas, existen cursos autorizados por la Consejer\u00eda de Educaci\u00f3n, Formaci\u00f3n Profesional y Turismo que se desarrollan en algunos Centros de Educaci\u00f3n de Personas Adultas (CEPA).\u00a0L<span style=\"text-decoration: underline;\"><strong>as pruebas se convocan una vez al a\u00f1o y su superaci\u00f3n tiene validez a nivel nacional.<\/strong><\/span><\/p>\n<p><!--more--><\/p>\n<h4><strong>Convocatoria\u00a0 2020<\/strong><\/h4>\n<p style=\"text-align: justify;\"><a href=\"https:\/\/boc.cantabria.es\/boces\/verAnuncioAction.do?idAnuBlob=348556\">Resoluci\u00f3n de 2 de marzo de 2020, que establece las bases y convoca para el a\u00f1o 2020 las pruebas de acceso a ciclos formativos de grado medio de Formaci\u00f3n Profesional del sistema educativo en la Comunidad Aut\u00f3noma de Cantabria.<\/a><\/p>\n<p style=\"text-align: justify;\">Modificada por:<\/p>\n<p style=\"text-align: justify;\"><a href=\"https:\/\/boc.cantabria.es\/boces\/verAnuncioAction.do?idAnuBlob=349614\">Resoluci\u00f3n de 5 de mayo de 2020, por la que se modifica la Resoluci\u00f3n de 2 de marzo de 2020, que establece las bases y convoca para el a\u00f1o 2020 las pruebas de acceso a ciclos formativos de grado medio de Formaci\u00f3n Profesional del sistema educativo en la Comunidad Aut\u00f3noma de Cantabria.<\/a><\/p>\n<hr \/>\n<p style=\"text-align: justify;\"><strong>1.- Requisitos para concurrir a las pruebas<\/strong><\/p>\n<ul>\n<li style=\"text-align: justify;\">Tener 17 a\u00f1os cumplidos antes del 31 de diciembre de 2020.<\/li>\n<li style=\"text-align: justify;\">No poseer los requisitos acad\u00e9micos para el acceso directo a los ciclos formativos de grado medio (*).<\/li>\n<\/ul>\n<p style=\"text-align: justify;\">(*) Se considerar\u00e1 que tienen los requisitos acad\u00e9micos para el acceso directo a ciclos formativos de grado medio, quienes est\u00e9n en posesi\u00f3n de alguno de los siguientes t\u00edtulos o condiciones:<\/p>\n<p style=\"padding-left: 40px; text-align: justify;\">a) El T\u00edtulo de Graduado en Educaci\u00f3n Secundaria.<\/p>\n<p style=\"padding-left: 40px; text-align: justify;\">b) La superaci\u00f3n de la prueba de acceso a los ciclos formativos de grado medio de Formaci\u00f3n Profesional del sistema educativo, as\u00ed como la superaci\u00f3n de la parte general de la prueba de acceso a ciclos formativos de grado medio de artes pl\u00e1sticas y dise\u00f1o, y de ense\u00f1anzas deportivas de grado superior, en otra convocatoria diferente a la que se realiza en la presente resoluci\u00f3n.<\/p>\n<p style=\"padding-left: 40px; text-align: justify;\">c) El T\u00edtulo Profesional B\u00e1sico.<\/p>\n<p style=\"padding-left: 40px; text-align: justify;\">d) El T\u00edtulo de T\u00e9cnico auxiliar.<\/p>\n<p style=\"padding-left: 40px; text-align: justify;\">e) El T\u00edtulo de T\u00e9cnico.<\/p>\n<p style=\"padding-left: 40px; text-align: justify;\">f) La superaci\u00f3n del curso de formaci\u00f3n espec\u00edfico para el acceso a ciclos de grado medio de Formaci\u00f3n Profesional.<\/p>\n<p style=\"padding-left: 40px; text-align: justify;\">g) El T\u00edtulo de Bachiller Superior.<\/p>\n<p style=\"padding-left: 40px; text-align: justify;\">h) La superaci\u00f3n de los m\u00f3dulos obligatorios de un Programa de Cualificaci\u00f3n Profesional Inicial.<\/p>\n<p style=\"padding-left: 40px; text-align: justify;\">i) La superaci\u00f3n del segundo curso de BUP, con un m\u00e1ximo de dos materias evaluadas negativamente.<\/p>\n<p style=\"padding-left: 40px; text-align: justify;\">j) La superaci\u00f3n del segundo curso del primer ciclo experimental de la reforma de lals ense\u00f1anzas medias.<\/p>\n<p style=\"padding-left: 40px; text-align: justify;\">k) La superaci\u00f3n del tercer curso del plan de 1963 o del segundo curso de comunes experimental de las ense\u00f1anzas Art\u00edsticas Aplicadas y Oficios Art\u00edsticos.<\/p>\n<p style=\"padding-left: 40px; text-align: justify;\">l) El T\u00edtulo de Oficial\u00eda Industrial.<\/p>\n<p style=\"padding-left: 40px; text-align: justify;\">m) La superaci\u00f3n de la prueba de acceso a la Universidad para mayores de 25 a\u00f1os.<\/p>\n<ul>\n<li style=\"text-align: justify;\">Podr\u00e1n participar en estas pruebas quienes las hayan superado en ocasiones anteriores y deseen mejorar la calificaci\u00f3n obtenida.<\/li>\n<li style=\"text-align: justify;\">No se podr\u00e1 concurrir a las pruebas de acceso en m\u00e1s de una comunidad aut\u00f3noma en un mismo curso escolar.<\/li>\n<\/ul>\n<hr \/>\n<h4><strong>2.- Plazo y lugar de inscripci\u00f3n. Lista de admitidos<\/strong><\/h4>\n<ul>\n<li><span style=\"text-decoration: underline; background-color: #ffff99;\"><strong>Entre el 1 y el 18 de junio de 2020, ambos inclusive.<\/strong><\/span><\/li>\n<li style=\"text-align: justify;\">La inscripci\u00f3n se formalizar\u00e1 presentando la solicitud en la secretar\u00eda de cualquier centro p\u00fablico de la Comunidad Aut\u00f3noma de Cantabria que imparta Formaci\u00f3n Profesional.<\/li>\n<\/ul>\n<p style=\"padding-left: 40px;\">o\u00a0<a class=\"wf_file\" href=\"https:\/\/www.educantabria.es\/docs\/2020\/pruebas\/gm\/AnexoI.docx\"><span class=\"wf_file_text\">Anexo I: Solicitud pdf<\/span><\/a><span class=\"wf_file_text\">\u00a0o\u00a0<\/span><a class=\"wf_file\" href=\"https:\/\/www.educantabria.es\/docs\/2020\/pruebas\/gm\/AnexoI.docx\"><span class=\"wf_file_text\">Anexo I: Solicitud word<\/span><\/a><\/p>\n<ul>\n<li style=\"text-align: justify;\">Las listas de admitidos y los resultados de las solicitudes de exenci\u00f3n, se publicar\u00e1n en los centros de realizaci\u00f3n de las pruebas, el 1 de julio (provisionales) y el\u00a06 de julio (definitivas) de 2020.<\/li>\n<\/ul>\n<p style=\"padding-left: 40px;\"><a href=\"https:\/\/www.educantabria.es\/docs\/2020\/pruebas\/gm\/AnexoVII.pdf\">o\u00a0Anexo VII Centros de celebraci\u00f3n de las pruebas<\/a><\/p>\n<ul>\n<li style=\"text-align: justify;\">En los dos d\u00edas h\u00e1biles a partir de la fecha de publicaci\u00f3n de las listas provisionales, los solicitantes podr\u00e1n presentar las alegaciones oportunas.<\/li>\n<\/ul>\n<hr \/>\n<h4><strong>3.- Exenciones<\/strong><\/h4>\n<p style=\"text-align: justify;\">La solicitud de exenci\u00f3n al cumplimentar la inscripci\u00f3n deber\u00e1 acompa\u00f1arse siempre del documento original o fotocopia compulsada de la certificaci\u00f3n correspondiente.<\/p>\n<p style=\"text-align: justify;\">No obstante, quienes en el momento de inscribirse en las pruebas a\u00fan no hayan superado los estudios necesarios para acreditar una exenci\u00f3n, podr\u00e1n solicitarlo al presidente de la comisi\u00f3n de evaluaci\u00f3n correspondiente, mediante el modelo que se establece en el\u00a0<a class=\"wf_file\" href=\"https:\/\/www.educantabria.es\/docs\/2019\/pruebas\/gm\/4.pdf\"><span class=\"wf_file_text\">Anexo IV<\/span><\/a>\u00a0de la convocatoria, adjuntando la documentaci\u00f3n acreditativa el d\u00eda 13 de julio de 2020.<\/p>\n<p style=\"text-align: justify;\">a) Podr\u00e1n quedar exentos de la prueba, pero deber\u00e1n inscribirse en la misma:<\/p>\n<ul>\n<li>Quienes acrediten la superaci\u00f3n de dos m\u00f3dulos asociados a unidades de competencia del cat\u00e1logo nacional de cualificaciones profesionales de un ciclo formativo de grado medio en oferta modular durante el curso 2019-2020.<\/li>\n<li>Quienes acrediten unidades de competencia que les permitan convalidar dos m\u00f3dulos profesionales de un ciclo formativo de grado medio.<\/li>\n<li>Quienes acrediten un certificado de profesionalidad de nivel 2 o superior.<\/li>\n<\/ul>\n<p style=\"text-align: justify;\">b) Estar\u00e1n exentos de la realizaci\u00f3n de alg\u00fan \u00e1mbito de la prueba:<\/p>\n<ul>\n<li>Quienes hayan cursado y superado materias, \u00e1reas, \u00e1mbitos de conocimiento, campos de conocimiento, \u00e1mbitos, m\u00f3dulos o grupos de materias susceptibles de exenci\u00f3n, seg\u00fan la tabla que se recoge en el <a class=\"wf_file\" href=\"https:\/\/www.educantabria.es\/docs\/2020\/pruebas\/gm\/AnexoV.pdf\"><span class=\"wf_file_text\">Anexo V<\/span><\/a>\u00a0de la convocatoria.<\/li>\n<li>Del \u00e1mbito cient\u00edfico-tecnol\u00f3gico: quienes acrediten experiencia laboral de, al menos, el equivalente a un a\u00f1o con jornada completa.<\/li>\n<li>Quienes acrediten haber obtenido una calificaci\u00f3n igual o superior a 5 en alguna parte en convocatorias anteriores de la prueba en Cantabria.<\/li>\n<\/ul>\n<hr \/>\n<h4><strong>4.- Caracter\u00edsticas y contenidos de las pruebas<\/strong><\/h4>\n<p style=\"text-align: justify;\">Estas pruebas constar\u00e1n de <strong>tres partes<\/strong>:<\/p>\n<p style=\"text-align: justify;\"><strong>a)<\/strong>\u00a0<strong>Parte correspondiente al \u00e1mbito de comunicaci\u00f3n<\/strong>. Constar\u00e1 de dos ejercicios sobre las siguientes materias:<\/p>\n<ul>\n<li>Lengua Castellana y Literatura<\/li>\n<li>Primera Lengua Extranjera (Ingl\u00e9s)<\/li>\n<\/ul>\n<p><strong>b)<\/strong>\u00a0<strong>Parte correspondiente al \u00e1mbito social.<\/strong><\/p>\n<ul>\n<li>Geograf\u00eda e Historia<\/li>\n<li>Iniciaci\u00f3n a la Actividad Emprendedora y Empresarial<\/li>\n<\/ul>\n<p><strong>c)<\/strong>\u00a0<strong>Parte correspondiente al \u00e1mbito cient\u00edfico-tecnol\u00f3gico<\/strong>:<\/p>\n<ul>\n<li>Matem\u00e1ticas Orientadas a las Ense\u00f1anzas Aplicadas<\/li>\n<li>Biolog\u00eda y Geolog\u00eda<\/li>\n<li>Tecnolog\u00eda<\/li>\n<li>F\u00edsica y Qu\u00edmica.<\/li>\n<\/ul>\n<p style=\"text-align: justify;\">Los\u00a0<strong>aspectos curriculares<\/strong>\u00a0de referencia para las pruebas de acceso a ciclos formativos de grado medio est\u00e1n recogidos en el\u00a0<a class=\"wf_file\" href=\"https:\/\/www.educantabria.es\/docs\/2020\/pruebas\/gm\/AnexoVI.pdf\"><span class=\"wf_file_text\">Anexo VI<\/span><\/a>\u00a0de la convocatoria de 2020.<\/p>\n<hr \/>\n<h4>5.- Fecha y lugar de realizaci\u00f3n de las pruebas<\/h4>\n<ul>\n<li>Las pruebas se realizar\u00e1n el 13 de julio de 2020, en los IES que figuran en el\u00a0<a class=\"wf_file\" href=\"https:\/\/www.educantabria.es\/docs\/2020\/pruebas\/gm\/AnexoVII.pdf\"><span class=\"wf_file_text\">Anexo VII<\/span><\/a>, y seg\u00fan el centro de inscripci\u00f3n.<\/li>\n<\/ul>\n<hr \/>\n<h4>6.- Desarrollo de las pruebas<\/h4>\n<p style=\"text-align: justify;\">Las pruebas seguir\u00e1n el orden y horario que a continuaci\u00f3n se expresa:<\/p>\n<ul>\n<li style=\"text-align: justify;\">Aspirantes cuyo primer apellido comience alfab\u00e9ticamente entre las letras A y L<\/li>\n<\/ul>\n<p style=\"padding-left: 80px; text-align: justify;\">&#8211; 09:00 horas: ejercicio de la parte correspondiente al \u00e1mbito cient\u00edfico-tecnol\u00f3gico. Tendr\u00e1 una duraci\u00f3n de hora y cuarto.<\/p>\n<p style=\"padding-left: 80px; text-align: justify;\">&#8211; 10:30 horas: ejercicios de la parte correspondiente al \u00e1mbito de comunicaci\u00f3n. Tendr\u00e1 una duraci\u00f3n de una hora y cuarto.<\/p>\n<p style=\"padding-left: 80px; text-align: justify;\">&#8211; 12:00 horas: ejercicio de la parte correspondiente al \u00e1mbito social. Tendr\u00e1 una duraci\u00f3n de una hora y cuarto.<\/p>\n<ul>\n<li style=\"text-align: justify;\">Aspirantes cuyo primer apellido comience alfab\u00e9ticamente entre las letras M y Z<\/li>\n<\/ul>\n<p style=\"padding-left: 80px; text-align: justify;\">&#8211; 09:30 horas: ejercicio de la parte correspondiente al \u00e1mbito cient\u00edfico-tecnol\u00f3gico. Tendr\u00e1 una duraci\u00f3n de hora y cuarto.<\/p>\n<p style=\"padding-left: 80px; text-align: justify;\">&#8211; 11:00 horas: ejercicios de la parte correspondiente al \u00e1mbito de comunicaci\u00f3n. Tendr\u00e1 una duraci\u00f3n de una hora y cuarto.<\/p>\n<p style=\"padding-left: 80px; text-align: justify;\">&#8211; 12:30 horas: ejercicio de la parte correspondiente al \u00e1mbito social. Tendr\u00e1 una duraci\u00f3n de una hora y cuarto.<\/p>\n","protected":false},"excerpt":{"rendered":"<p>La superaci\u00f3n de estas pruebas permite el acceso a ciclos formativos de grado medio de Formaci\u00f3n Profesional a quienes no cuentan con los requisitos acad\u00e9micos para acceder de forma directa.\u00a0Para la preparaci\u00f3n de estas pruebas, existen cursos autorizados por la &hellip; <a href=\"https:\/\/cifpn1.com\/siop\/?p=233\">Sigue leyendo <span class=\"meta-nav\">&rarr;<\/span><\/a><\/p>\n","protected":false},"author":5,"featured_media":275,"comment_status":"closed","ping_status":"closed","sticky":false,"template":"","format":"standard","meta":{"footnotes":""},"categories":[23],"tags":[],"class_list":["post-233","post","type-post","status-publish","format-standard","has-post-thumbnail","hentry","category-pruebas-de-acceso"],"_links":{"self":[{"href":"https:\/\/cifpn1.com\/siop\/index.php?rest_route=\/wp\/v2\/posts\/233","targetHints":{"allow":["GET"]}}],"collection":[{"href":"https:\/\/cifpn1.com\/siop\/index.php?rest_route=\/wp\/v2\/posts"}],"about":[{"href":"https:\/\/cifpn1.com\/siop\/index.php?rest_route=\/wp\/v2\/types\/post"}],"author":[{"embeddable":true,"href":"https:\/\/cifpn1.com\/siop\/index.php?rest_route=\/wp\/v2\/users\/5"}],"replies":[{"embeddable":true,"href":"https:\/\/cifpn1.com\/siop\/index.php?rest_route=%2Fwp%2Fv2%2Fcomments&post=233"}],"version-history":[{"count":5,"href":"https:\/\/cifpn1.com\/siop\/index.php?rest_route=\/wp\/v2\/posts\/233\/revisions"}],"predecessor-version":[{"id":1061,"href":"https:\/\/cifpn1.com\/siop\/index.php?rest_route=\/wp\/v2\/posts\/233\/revisions\/1061"}],"wp:featuredmedia":[{"embeddable":true,"href":"https:\/\/cifpn1.com\/siop\/index.php?rest_route=\/wp\/v2\/media\/275"}],"wp:attachment":[{"href":"https:\/\/cifpn1.com\/siop\/index.php?rest_route=%2Fwp%2Fv2%2Fmedia&parent=233"}],"wp:term":[{"taxonomy":"category","embeddable":true,"href":"https:\/\/cifpn1.com\/siop\/index.php?rest_route=%2Fwp%2Fv2%2Fcategories&post=233"},{"taxonomy":"post_tag","embeddable":true,"href":"https:\/\/cifpn1.com\/siop\/index.php?rest_route=%2Fwp%2Fv2%2Ftags&post=233"}],"curies":[{"name":"wp","href":"https:\/\/api.w.org\/{rel}","templated":true}]}}