{"id":225,"date":"2020-06-06T09:33:25","date_gmt":"2020-06-06T08:33:25","guid":{"rendered":"https:\/\/cifpn1.com\/siop\/?p=225"},"modified":"2021-04-09T19:03:13","modified_gmt":"2021-04-09T18:03:13","slug":"admision-y-matriculacion-en-formacion-profesional","status":"publish","type":"post","link":"https:\/\/cifpn1.com\/siop\/?p=225","title":{"rendered":"Admisi\u00f3n y matriculaci\u00f3n en Formaci\u00f3n Profesional, curso 2020-21"},"content":{"rendered":"<p><img loading=\"lazy\" decoding=\"async\" class=\"alignnone size-full wp-image-262 aligncenter\" src=\"https:\/\/cifpn1.com\/siop\/wp-content\/uploads\/2020\/06\/adminision-y-matriculacion-en-FP.png\" alt=\"\" width=\"594\" height=\"328\" \/><\/p>\n<p style=\"text-align: justify;\">Todos los alumnos,\u00a0<span style=\"text-decoration: underline; font-size: 12pt; color: #000000;\"><strong>tambi\u00e9n los que realicen las pruebas de acceso a Grado Medio y Grado Superior y la pruebas libres para la obtenci\u00f3n directa del t\u00edtulo de Graduado en ESO<\/strong>, deben <span style=\"background-color: #ffff99;\"><strong>realizar la solicitud de plaza\u00a0del 1 al 8 de julio. <\/strong><\/span><\/span>La modificaci\u00f3n de plazos derivada del estado de alarma supone la situaci\u00f3n excepcional de realizar la solicitud antes de la obtenci\u00f3n de los certificados de calificaciones de las pruebas. La introducci\u00f3n de las calificaciones correspondientes a estos casos se efectuar\u00e1 de oficio por parte de la administraci\u00f3n educativa.<\/p>\n<p><!--more--><\/p>\n<table class=\"aligncenter\" style=\"width: 100%; border-collapse: collapse; border-color: #175420; background-color: #c7f2ca; border-style: solid;\" border=\"1\" cellspacing=\"2\" cellpadding=\"0\">\n<tbody>\n<tr>\n<td style=\"width: 100%;\">\n<h4>Formaci\u00f3n Profesional B\u00c1SICA<\/h4>\n<\/td>\n<\/tr>\n<\/tbody>\n<\/table>\n<p style=\"text-align: justify;\">Las vacantes de acceso se publicar\u00e1n <span style=\"text-decoration: underline; font-size: 12pt; background-color: #ffff99; color: #000000;\"><strong>e<\/strong><strong><span style=\"font-size: 12pt; background-color: #ffff99;\">l <\/span>d\u00eda 26 de junio.<\/strong><\/span><\/p>\n<p style=\"text-align: justify;\"><span style=\"font-size: 12pt;\"><span style=\"text-decoration: underline; color: #000000; background-color: #ffff99;\"><strong>El plazo de presentaci\u00f3n de solicitudes ser\u00e1 del 1 al 8 de julio, ambos inclusive<\/strong><\/span>.<\/span><\/p>\n<p style=\"text-align: justify;\">Concluida la baremaci\u00f3n, <span style=\"text-decoration: underline; color: #000000; background-color: #ffff99; font-size: 12pt;\"><strong>el d\u00eda 16 de julio se har\u00e1 p\u00fablica la lista provisional de las solicitudes admitidas y no admitidas.<\/strong><\/span><\/p>\n<p style=\"text-align: justify;\">La <span style=\"text-decoration: underline; color: #000000; background-color: #ffff99; font-size: 12pt;\"><strong>matr\u00edcula<\/strong><\/span> se har\u00e1 efectiva en el centro y ciclo formativo en el que ha sido admitido el alumno desde <span style=\"text-decoration: underline; font-size: 12pt;\"><strong><span style=\"background-color: #ffff99; color: #000000; text-decoration: underline;\">el 24 hasta el 30 de julio.<\/span><\/strong><\/span><\/p>\n<p style=\"text-align: justify;\">Si existiesen vacantes a fecha 1 de septiembre de 2020, los\/las interesados\/as podr\u00e1n presentar las solicitudes en los propios centros a partir del d\u00eda seg\u00fan el modelo que figura en el Anexo I, a partir del 2 de septiembre.<\/p>\n<h6>M\u00e1s informaci\u00f3n en educantabria<\/h6>\n<ul>\n<li><a href=\"https:\/\/www.educantabria.es\/docs\/2020\/fp\/Instrucciones\/InstruccionesAdmisi%C3%B3nGSuperior-presencial.pdf\">Admisi\u00f3n y matriculaci\u00f3n FPB<\/a><\/li>\n<\/ul>\n<h6>\u00a0<\/h6>\n<table class=\"aligncenter\" style=\"width: 100%; border-collapse: collapse; border-color: #542517; background-color: #f7ddc8; border-style: solid;\" border=\"1\" cellspacing=\"2\" cellpadding=\"0\">\n<tbody>\n<tr>\n<td style=\"width: 100%;\">\n<h4>Formaci\u00f3n Profesional Ciclos Formativos GRADO MEDIO<\/h4>\n<\/td>\n<\/tr>\n<\/tbody>\n<\/table>\n<p style=\"text-align: justify;\"><span style=\"text-decoration: underline; background-color: #ffff99; font-size: 12pt; color: #000000;\"><strong>Las vacantes se publicar\u00e1n el d\u00eda 26 de junio<\/strong><\/span><\/p>\n<p style=\"text-align: justify;\"><span style=\"text-decoration: underline; font-size: 12pt; color: #000000; background-color: #ffff99;\"><strong>El plazo de presentaci\u00f3n de solicitudes ser\u00e1 del 1 al 8 de julio<\/strong><\/span>, ambos inclusive.\u00a0La solicitud se presentar\u00e1 en la Secretar\u00eda del centro donde se desee conseguir plaza en primera opci\u00f3n y en ella se har\u00e1n constar, por orden de preferencia, otros centros y ciclos formativos para el supuesto de no ser admitido en el solicitado en primer lugar.<\/p>\n<p style=\"text-align: justify;\">El centro publicar\u00e1 las<span style=\"text-decoration: underline; background-color: #ffff99; font-size: 12pt; color: #000000;\"><strong> listas provisionales de admitidos el d\u00eda 16 de julio, excepto<\/strong><\/span> las correspondientes al bloque de plazas reservadas a quienes <span style=\"font-size: 12pt;\"><strong><span style=\"text-decoration: underline;\"><span style=\"color: #000000; background-color: #ffff99; text-decoration: underline;\">acceden mediante prueba de acceso que se publicar\u00e1n el d\u00eda 24 de julio.<\/span><\/span><\/strong><\/span><\/p>\n<p style=\"text-align: justify;\">Concluida la baremaci\u00f3n,<span style=\"color: #000000;\"><strong> <span style=\"text-decoration: underline; background-color: #ffff99; font-size: 12pt;\">el d\u00eda 16 de julio se har\u00e1 p\u00fablica la lista provisional de las solicitudes admitidas<\/span><\/strong><\/span> y no admitidas; para las plazas correspondientes al bloque reservado a quienes acceden mediante prueba<br \/>\nde acceso, <span style=\"text-decoration: underline; color: #000000; background-color: #ffff99; font-size: 12pt;\"><strong>el d\u00eda 24 de julio se har\u00e1 p\u00fablica la lista provisional de las solicitudes admitidas<\/strong> <\/span>y no admitidas.<\/p>\n<p style=\"text-align: justify;\"><span style=\"color: #000000; background-color: #ffff99; font-size: 12pt;\"><strong><span style=\"text-decoration: underline;\">La matr\u00edcula se har\u00e1 efectiva en el centro y ciclo formativo en el que ha sido admitido el<\/span> alumno desde el 24 hasta el 30 de julio<\/strong><\/span>. En el caso de los alumnos admitidos correspondientes al bloque de plazas reservadas mediante <span style=\"text-decoration: underline; background-color: #ffff99; color: #000000; font-size: 12pt;\"><strong>prueba de acceso, la matriculaci\u00f3n podr\u00e1 efectuarse en los d\u00edas 1 y 2 de septiembre. <\/strong><\/span><\/p>\n<p style=\"text-align: justify;\">La distribuci\u00f3n de las plazas una vez descontadas las reservadas a aspirantes con un grado de discapacidad igual o superior al 33%, se realizar\u00e1 acorde a los siguientes criterios:\u00a0<\/p>\n<ul style=\"list-style-type: circle;\">\n<li style=\"text-align: justify;\">El 65% de las plazas se ofrecer\u00e1 al alumnado que tenga el t\u00edtulo de Graduado en Educaci\u00f3n Secundaria Obligatoria.<\/li>\n<li style=\"text-align: justify;\">El 20% de las plazas se ofrecer\u00e1 al alumnado que est\u00e9 en posesi\u00f3n del t\u00edtulo de Formaci\u00f3n Profesional B\u00e1sica, o que haya superado los m\u00f3dulos obligatorios de los Programas de Cualificaci\u00f3n Profesional Inicial, o que haya superado un curso de formaci\u00f3n espec\u00edfico para el acceso a ciclos formativos de grado medio.<\/li>\n<li style=\"text-align: justify;\">El 15% de plazas se ofrecer\u00e1 al alumnado que acceda por alguna de las siguientes v\u00edas:<br \/>\n\u2014 Haber superado la prueba de acceso a ciclos formativos de grado medio o de grado superior.<br \/>\n\u2014 Haber superado la prueba de acceso a la universidad para mayores de 25 a\u00f1os.<br \/>\n\u2014 Estar en posesi\u00f3n del t\u00edtulo de Graduado en Educaci\u00f3n Secundaria, del t\u00edtulo de T\u00e9cnico<br \/>\nAuxiliar, del t\u00edtulo de T\u00e9cnico o del t\u00edtulo de Bachiller superior.<br \/>\n\u2014 Haber superado el segundo curso del primer ciclo experimental de reforma de las ense\u00f1anzas medias<\/li>\n<\/ul>\n<h6>M\u00e1s informaci\u00f3n en educantabria<\/h6>\n<ul>\n<li><a href=\"https:\/\/www.educantabria.es\/docs\/2020\/fp\/Instrucciones\/InstruccionesAdmisi%C3%B3nGM-presencial.pdf\">Admisi\u00f3n y matriculaci\u00f3n CFGM<\/a><\/li>\n<\/ul>\n<h6>\u00a0<\/h6>\n<table class=\"aligncenter\" style=\"width: 100%; border-collapse: collapse; border-color: #172f54; background-color: #c8e5f7; border-style: solid;\" border=\"1\" cellspacing=\"2\" cellpadding=\"0\">\n<tbody>\n<tr>\n<td style=\"width: 100%;\">\n<h4>Formaci\u00f3n Profesional Ciclos Formativos GRADO SUPERIOR<\/h4>\n<\/td>\n<\/tr>\n<\/tbody>\n<\/table>\n<p>Las\u00a0<strong style=\"font-size: 16px;\">vacantes se publicar\u00e1n el d\u00eda 26 de junio.<\/strong><\/p>\n<p style=\"text-align: justify;\"><span style=\"text-decoration: underline; font-size: 12pt; background-color: #ffff99; color: #000000;\"><strong>El plazo de presentaci\u00f3n de solicitudes ser\u00e1 del 1 al 8 de julio,<\/strong><\/span> ambos inclusive.\u00a0La solicitud se presentar\u00e1 en la Secretar\u00eda del centro donde se desee conseguir plaza en primera opci\u00f3n y en ella se har\u00e1n constar, por orden de preferencia, otros centros y ciclos formativos para el supuesto de no ser admitido en el solicitado en primer lugar.<\/p>\n<p style=\"text-align: justify;\"><span style=\"text-decoration: underline; font-size: 12pt; color: #000000; background-color: #ffff99;\"><strong>El centro publicar\u00e1 las listas provisionales de admitidos el d\u00eda 16 de julio<\/strong><\/span>, excepto las correspondientes al bloque de plazas reservadas a quienes acceden mediante <span style=\"text-decoration: underline; font-size: 12pt;\"><strong><span style=\"background-color: #ffff99; color: #000000; text-decoration: underline;\">prueba de acceso que se publicar\u00e1n el d\u00eda 24 de julio.<\/span><\/strong><\/span><\/p>\n<p style=\"text-align: justify;\">Concluida la baremaci\u00f3n, el <span style=\"text-decoration: underline; font-size: 12pt;\"><strong><span style=\"background-color: #ffff99; color: #000000; text-decoration: underline;\">d\u00eda 16 de julio se har\u00e1 p\u00fablica la lista provisional de las solicitudes admitidas <\/span><\/strong><\/span>y no admitidas; para las plazas correspondientes al bloque reservado a quienes acceden mediante prueba<br \/>\nde acceso, el d\u00eda 24 de julio se har\u00e1 p\u00fablica la lista provisional de las solicitudes admitidas y no admitidas.<\/p>\n<p style=\"text-align: justify;\">La <span style=\"text-decoration: underline;\"><span style=\"font-size: 12pt; background-color: #ffff99; color: #000000; text-decoration: underline;\"><strong>matr\u00edcula<\/strong> <\/span><\/span>se har\u00e1 efectiva en el centro y ciclo formativo en el que ha sido admitido el\/la alumno\/a <span style=\"text-decoration: underline; background-color: #ffff99; color: #000000;\"><strong>desde el 24 hasta el 30 de julio<\/strong><\/span>. En el caso de los alumnos admitidos correspondientes al bloque de <span style=\"font-size: 12pt;\"><strong><span style=\"text-decoration: underline;\"><span style=\"color: #000000; background-color: #ffff99; text-decoration: underline;\">plazas reservadas mediante prueba de acceso, la matriculaci\u00f3n podr\u00e1 efectuarse en los d\u00edas 1 y 2 de septiembre.<\/span><\/span><\/strong><\/span><\/p>\n<p style=\"text-align: justify;\">La distribuci\u00f3n de las plazas una vez descontadas las reservadas a aspirantes con un grado de discapacidad igual o superior al 33%, se realizar\u00e1 acorde a los siguientes criterios:\u00a0<\/p>\n<ul style=\"list-style-type: circle;\">\n<li style=\"text-align: justify;\">El 60 % de las plazas se ofrecer\u00e1n al alumnado que tenga el t\u00edtulo de Bachiller.<\/li>\n<li style=\"text-align: justify;\">El 20% de las plazas se ofrecer\u00e1n al alumnado que disponga del t\u00edtulo de T\u00e9cnico.<\/li>\n<li style=\"text-align: justify;\">El 20% de las plazas se ofrecer\u00e1n al alumnado que acceda por alguna de las siguientes v\u00edas:<\/li>\n<li style=\"text-align: justify;\">\u2014 Haber superado las pruebas de acceso a ciclos formativos de grado superior o por la prueba de acceso a la universidad para mayores de 25 a\u00f1os.<br \/>\n\u2014 Estar en posesi\u00f3n del t\u00edtulo de Bachiller establecido en la Ley Org\u00e1nica 1\/1990, de 3 de octubre, de Ordenaci\u00f3n General del Sistema Educativo.<br \/>\n\u2014 Haber superado el segundo curso de cualquier modalidad de Bachillerato Experimental.<br \/>\n\u2014 Haber superado el curso de orientaci\u00f3n universitaria o preuniversitaria.<br \/>\n\u2014 Estar en posesi\u00f3n del t\u00edtulo de Bachiller expedido tras cursar el Bachillerato unificado y polivalente.<br \/>\n\u2014 Estar en posesi\u00f3n del t\u00edtulo de T\u00e9cnico Especialista, T\u00e9cnico Superior o equivalente a efectos acad\u00e9micos, o estar en posesi\u00f3n de una titulaci\u00f3n universitaria o equivalente.<\/li>\n<\/ul>\n<h6>M\u00e1s informaci\u00f3n en educantabria<\/h6>\n<ul>\n<li style=\"text-align: justify;\"><a href=\"https:\/\/www.educantabria.es\/docs\/2020\/fp\/Instrucciones\/InstruccionesAdmisi%C3%B3nGSuperior-presencial.pdf\">Admisi\u00f3n y matriculaci\u00f3n CFGS<\/a><\/li>\n<\/ul>\n","protected":false},"excerpt":{"rendered":"<p>Todos los alumnos,\u00a0tambi\u00e9n los que realicen las pruebas de acceso a Grado Medio y Grado Superior y la pruebas libres para la obtenci\u00f3n directa del t\u00edtulo de Graduado en ESO, deben realizar la solicitud de plaza\u00a0del 1 al 8 de &hellip; <a href=\"https:\/\/cifpn1.com\/siop\/?p=225\">Sigue leyendo <span class=\"meta-nav\">&rarr;<\/span><\/a><\/p>\n","protected":false},"author":5,"featured_media":0,"comment_status":"closed","ping_status":"closed","sticky":false,"template":"","format":"standard","meta":{"footnotes":""},"categories":[24],"tags":[8],"class_list":["post-225","post","type-post","status-publish","format-standard","hentry","category-admision-y-matricula","tag-admision-ciclos-formativos"],"_links":{"self":[{"href":"https:\/\/cifpn1.com\/siop\/index.php?rest_route=\/wp\/v2\/posts\/225","targetHints":{"allow":["GET"]}}],"collection":[{"href":"https:\/\/cifpn1.com\/siop\/index.php?rest_route=\/wp\/v2\/posts"}],"about":[{"href":"https:\/\/cifpn1.com\/siop\/index.php?rest_route=\/wp\/v2\/types\/post"}],"author":[{"embeddable":true,"href":"https:\/\/cifpn1.com\/siop\/index.php?rest_route=\/wp\/v2\/users\/5"}],"replies":[{"embeddable":true,"href":"https:\/\/cifpn1.com\/siop\/index.php?rest_route=%2Fwp%2Fv2%2Fcomments&post=225"}],"version-history":[{"count":12,"href":"https:\/\/cifpn1.com\/siop\/index.php?rest_route=\/wp\/v2\/posts\/225\/revisions"}],"predecessor-version":[{"id":294,"href":"https:\/\/cifpn1.com\/siop\/index.php?rest_route=\/wp\/v2\/posts\/225\/revisions\/294"}],"wp:attachment":[{"href":"https:\/\/cifpn1.com\/siop\/index.php?rest_route=%2Fwp%2Fv2%2Fmedia&parent=225"}],"wp:term":[{"taxonomy":"category","embeddable":true,"href":"https:\/\/cifpn1.com\/siop\/index.php?rest_route=%2Fwp%2Fv2%2Fcategories&post=225"},{"taxonomy":"post_tag","embeddable":true,"href":"https:\/\/cifpn1.com\/siop\/index.php?rest_route=%2Fwp%2Fv2%2Ftags&post=225"}],"curies":[{"name":"wp","href":"https:\/\/api.w.org\/{rel}","templated":true}]}}