{"id":217,"date":"2020-05-18T13:07:00","date_gmt":"2020-05-18T12:07:00","guid":{"rendered":"https:\/\/cifpn1.com\/siop\/?p=217"},"modified":"2021-04-09T19:03:57","modified_gmt":"2021-04-09T18:03:57","slug":"el-boc-publicara-la-proxima-semana-la-convocatoria-de-las-pruebas-de-acceso-a-ciclos-formativos-de-grado-medio-y-superior-de-fp","status":"publish","type":"post","link":"https:\/\/cifpn1.com\/siop\/?p=217","title":{"rendered":"El BOC publicar\u00e1 la pr\u00f3xima semana la convocatoria de las pruebas de acceso a Ciclos Formativos de Grado Medio y Superior de F.P."},"content":{"rendered":"<div class=\"page-header\" style=\"text-align: center;\"><img loading=\"lazy\" decoding=\"async\" class=\"alignnone size-full wp-image-281\" src=\"https:\/\/cifpn1.com\/siop\/wp-content\/uploads\/2020\/05\/convocatoria-acceso20-21.jpg\" alt=\"\" width=\"648\" height=\"320\" \/><\/div>\n<p style=\"text-align: justify;\">El Bolet\u00edn Oficial de Cantabria publicar\u00e1 en breve las resoluciones por las que se regulan las bases y convocan las pruebas de acceso a ciclos formativos de grado medio y grado superior de Formaci\u00f3n Profesional; las pruebas de acceso a ciclos formativos de grado medio y de grado superior en ense\u00f1anzas profesionales de artes pl\u00e1sticas y dise\u00f1o y de ense\u00f1anzas deportivas de r\u00e9gimen especial, as\u00ed como la prueba general de acceso a las ense\u00f1anzas art\u00edsticas superiores de dise\u00f1o.<\/p>\n<p style=\"text-align: justify;\">La Consejer\u00eda de Educaci\u00f3n, Formaci\u00f3n Profesional y Turismo se vio obligada a suspender la entrada en vigor de las resoluciones que regulan este tipo de pruebas como consecuencia de la declaraci\u00f3n del estado de alarma y la crisis sanitaria derivada del COVID-19, y que ahora, debido a la mejora en la evoluci\u00f3n de la pandemia se vuelven a recuperar, una situaci\u00f3n que ha obligado a modificar los plazos, fechas de realizaci\u00f3n y gesti\u00f3n del proceso<\/p>\n<p style=\"text-align: justify;\">Las pruebas de acceso a ciclos formativos cuentan con un n\u00famero elevado de alumnado interesado y son esenciales para permitir el acceso a estudios de Formaci\u00f3n Profesional para quienes no cuenten con los requisitos acad\u00e9micos de acceso, es por ello, que la Consejer\u00eda de Educaci\u00f3n, Formaci\u00f3n Profesional y Turismo ha convocado un nuevo procedimiento.<\/p>\n<p style=\"text-align: justify;\">Previamente a la realizaci\u00f3n de las pruebas de acceso contempladas en estas resoluciones se informar\u00e1 a los centros de las medidas de prevenci\u00f3n a adoptar, de acuerdo con las recomendaciones de las autoridades sanitarias, en lo que se refiere a espacios, medidas organizativas e higi\u00e9nicas aplicables durante la realizaci\u00f3n de las mismas.<\/p>\n<p style=\"text-align: justify;\">Los aspirantes deber\u00e1n cumplir en todo momento con las indicaciones dirigidas a preservar la salud individual y colectiva.<\/p>\n<h6>\u00a0<\/h6>\n<h4><strong>Pruebas ciclos formativos grado medio<\/strong><\/h4>\n<p style=\"text-align: justify;\">Por lo que se refiera a las pruebas de acceso a ciclos formativos de grado medio, el periodo de inscripci\u00f3n para su realizaci\u00f3n estar\u00e1 comprendido entre el 1 y el 18 de junio de 2020, ambos inclusive, y se podr\u00e1 formalizar en la secretar\u00eda de cualquier centro p\u00fablico de Cantabria que imparta Formaci\u00f3n Profesional.<\/p>\n<p style=\"text-align: justify;\">Los centros receptores de las inscripciones comunicar\u00e1n a los directores de los centros donde se realizan las pruebas los listados de inscritos antes del 24 de junio de 2020, y ser\u00e1n estos centros, los encargados de publicar las listas provisionales de admitidos y los resultados de las solicitudes de exenci\u00f3n, el d\u00eda 1 de julio de 2020.<\/p>\n<p style=\"text-align: justify;\">Se dispondr\u00e1 de un plazo de 2 d\u00edas h\u00e1biles, a partir de la publicaci\u00f3n de listas provisionales, para presentar reclamaci\u00f3n motivada, y el 6 de julio se proceder\u00e1 a la publicaci\u00f3n en los centros de realizaci\u00f3n de las pruebas de los listados definitivos de admitidos. Resueltas las reclamaciones, se publicar\u00e1n las listas definitivas de admitidos el 6 de julio.<\/p>\n<p style=\"text-align: justify;\">El 13 de julio se proceder\u00e1 a la realizaci\u00f3n de las pruebas y el 17 de julio a la publicaci\u00f3n de resultados.<\/p>\n<p style=\"text-align: justify;\">El calendario y horario de las pruebas deber\u00e1 ser expuesto en el tabl\u00f3n de anuncios de cada uno de los Institutos de Educaci\u00f3n Secundaria en que se lleven a cabo las mismas, indicando expresamente el lugar donde vayan a realizarse.<\/p>\n<h6>\u00a0<\/h6>\n<h4><strong>Pruebas de acceso a ciclos formativos de grado superior de Formaci\u00f3n Profesional<\/strong><\/h4>\n<p style=\"text-align: justify;\">El periodo de inscripci\u00f3n para la realizaci\u00f3n de las pruebas de acceso a ciclos formativos de grado superior estar\u00e1 comprendido entre el 1 y 18 de junio de 2020, ambos inclusive, al igual que en los ciclos de grado medio.<\/p>\n<p style=\"text-align: justify;\">Estar\u00e1n exentos de la realizaci\u00f3n de la prueba, pero deber\u00e1n inscribirse en la misma para la opci\u00f3n correspondiente, quienes hayan superado al menos tres m\u00f3dulos asociados a unidades de competencia del cat\u00e1logo nacional de cualificaciones profesionales de un ciclo formativo de grado superior, en el que se le haya autorizado su matr\u00edcula en el curso 2019-2020.<\/p>\n<p style=\"text-align: justify;\">Los interesados en solicitar esta exenci\u00f3n deber\u00e1n hacerlo constar en el momento de realizar la inscripci\u00f3n, presentado el original de la certificaci\u00f3n acad\u00e9mica que corresponda, en la que figuren las calificaciones obtenidas. No obstante, quienes en el momento de inscribirse en las pruebas a\u00fan no hayan superado los m\u00f3dulos necesarios para acreditar la exenci\u00f3n, podr\u00e1n solicitarlo al presidente de la comisi\u00f3n de evaluaci\u00f3n correspondiente.<\/p>\n<p style=\"text-align: justify;\">Tambi\u00e9n estar\u00e1n exentos aquellos que acrediten haber superado la materia de Bachillerato correspondiente con la parte espec\u00edfica.<\/p>\n<p style=\"text-align: justify;\">Las pruebas de acceso a ciclos formativos de grado superior de Formaci\u00f3n Profesional del sistema educativo se realizar\u00e1n el d\u00eda 13 de julio de 2020 y el calendario y horario de las pruebas deber\u00e1 ser expuesto en el tabl\u00f3n de anuncios del centro donde se realicen las mismas, indicando expresamente el lugar donde vayan a efectuarse.<\/p>\n<p style=\"text-align: justify;\">Los resultados se har\u00e1n p\u00fablicos en el Instituto de Educaci\u00f3n Secundaria Augusto Gonz\u00e1lez Linares el 17 de julio de 2020.<\/p>\n<h6><strong>\u00a0<\/strong><\/h6>\n<h4><strong>Ciclos formativos de grado medio de ense\u00f1anzas profesionales de artes pl\u00e1sticas y dise\u00f1o y en ense\u00f1anzas deportivas de r\u00e9gimen especial<\/strong><\/h4>\n<p style=\"text-align: justify;\">Los ciclos formativos en ense\u00f1anzas deportivas de r\u00e9gimen especial y en artes pl\u00e1sticas y dise\u00f1o iniciar\u00e1n el plazo de inscripci\u00f3n en sus pruebas de acceso el 1 de junio hasta el 18 del mismo mes, ambos inclusive.<\/p>\n<p style=\"text-align: justify;\">Los listados de inscritos se comunicar\u00e1n antes del 24 de junio de 2020, asegurando que cada centro reciba la informaci\u00f3n necesaria para la realizaci\u00f3n de las pruebas correspondientes.<\/p>\n<p style=\"text-align: justify;\">Comprobado el cumplimiento de los requisitos de acceso y resueltas, en su caso, las solicitudes de exenci\u00f3n, se publicar\u00e1n en el IES Pe\u00f1acastillo las listas provisionales de admitidos y los resultados de las solicitudes de exenci\u00f3n el d\u00eda 1 de julio de 2020. Contra estas listas se podr\u00e1 presentar reclamaci\u00f3n motivada ante el director del centro en el plazo de dos d\u00edas h\u00e1biles a partir del d\u00eda de su publicaci\u00f3n y una vez resultas las reclamaciones, se publicar\u00e1n las listas definitivas de admitidos con las correspondientes exenciones el d\u00eda 6 de julio de 2020.<\/p>\n<p style=\"text-align: justify;\">Estar\u00e1n exentos de la realizaci\u00f3n de alg\u00fan \u00e1mbito de la prueba quienes hayan cursado y superado materias, \u00e1reas, \u00e1mbitos de conocimiento, campos de conocimiento, \u00e1mbitos, m\u00f3dulos o grupos de materias susceptibles de exenci\u00f3n<\/p>\n<p style=\"text-align: justify;\">La prueba de acceso se realizar\u00e1 el d\u00eda 13 de julio de 2020 y el calendario y horario de la prueba deber\u00e1 ser expuesto en el tabl\u00f3n de anuncios del IES Pe\u00f1acastillo, indicando expresamente las aulas donde se realizar\u00e1 la misma.<\/p>\n<p style=\"text-align: justify;\">Los resultados se har\u00e1n p\u00fablicos el d\u00eda 17 de julio en el IES Pe\u00f1acastillo.<\/p>\n<h6>\u00a0<\/h6>\n<h4><strong>Ciclos de Grado Superior en Ense\u00f1anzas Profesionales de Artes Pl\u00e1sticas y Dise\u00f1o y ense\u00f1anzas deportivas<\/strong><\/h4>\n<p style=\"text-align: justify;\">Respecto a las pruebas de acceso a ciclos formativos de grado superior de ense\u00f1anzas profesionales de artes pl\u00e1sticas y dise\u00f1o, y ense\u00f1anzas deportivas de r\u00e9gimen especial el periodo de inscripci\u00f3n estar\u00e1 comprendido entre los d\u00edas 1 y 18 de junio de 2020, ambos inclusive.<\/p>\n<p style=\"text-align: justify;\">Los listados de inscritos en las mismas se har\u00e1n p\u00fablicos antes del 24 de junio, y las listas provisionales de admitidos, as\u00ed como los resultados de las solicitudes de exenci\u00f3n, el d\u00eda 1 de julio de 2020. Las listas definitivas est\u00e1n previstas para el d\u00eda 6 de julio.<\/p>\n<p style=\"text-align: justify;\">En el caso de que el interesado tenga dieciocho a\u00f1os y est\u00e9 cursando un ciclo formativo de grado medio, deber\u00e1 presentar junto con la solicitud, un certificado acreditativo de esta circunstancia, firmado por el director del centro en el que est\u00e1 matriculado. En este caso, el interesado deber\u00e1 presentar al presidente de la comisi\u00f3n de evaluaci\u00f3n, el d\u00eda 13 de julio de 2020 en el centro de realizaci\u00f3n de la prueba, un certificado acreditativo de reunir las condiciones de obtener el t\u00edtulo de T\u00e9cnico.<\/p>\n<p style=\"text-align: justify;\">La prueba de acceso tendr\u00e1 lugar el d\u00eda 13 de julio y el calendario y horario de la misma deber\u00e1 ser expuesto en el tabl\u00f3n de anuncios del IES Augusto Gonz\u00e1lez Linares, indicando expresamente las aulas donde se realizar\u00e1 la misma.<\/p>\n<p style=\"text-align: justify;\">Los resultados se har\u00e1n p\u00fablicos en este centro educativo el 17 de julio.<\/p>\n<h6>\u00a0<\/h6>\n<h4><strong>Prueba general de acceso a las ense\u00f1anzas art\u00edsticas superiores de dise\u00f1o<\/strong><\/h4>\n<p style=\"text-align: justify;\">En relaci\u00f3n a la prueba general de acceso a las ense\u00f1anzas art\u00edsticas superiores de dise\u00f1o la normativa actualizada contempla un periodo de inscripci\u00f3n comprendido entre el 1 y el 18 de junio.<\/p>\n<p style=\"text-align: justify;\">La Consejer\u00eda de Educaci\u00f3n, Formaci\u00f3n Profesional y Turismo trasladar\u00e1 a la direcci\u00f3n del IES Leonardo Torres Quevedo las solicitudes antes del 24 de junio de 2020. Comprobado el cumplimiento de los requisitos para realizar la prueba de acceso correspondiente, la direcci\u00f3n de este centro publicar\u00e1 una lista provisional de admitidos y excluidos, as\u00ed como, en su caso, las razones de la exclusi\u00f3n.<\/p>\n<p style=\"text-align: justify;\">La lista se publicar\u00e1 el d\u00eda 1 de julio en el tabl\u00f3n de anuncios de este IES y la realizaci\u00f3n de la prueba general de acceso tendr\u00e1 lugar el d\u00eda 13 de julio.<\/p>\n<p style=\"text-align: justify;\">El calendario y horario de la prueba deber\u00e1 ser expuesto en el tabl\u00f3n de anuncios del citado centro educativo con indicaci\u00f3n de las aulas donde vayan a efectuarse y los resultados se har\u00e1n p\u00fablicos en su tabl\u00f3n de anuncios el 17 de julio.<\/p>\n","protected":false},"excerpt":{"rendered":"<p>El Bolet\u00edn Oficial de Cantabria publicar\u00e1 en breve las resoluciones por las que se regulan las bases y convocan las pruebas de acceso a ciclos formativos de grado medio y grado superior de Formaci\u00f3n Profesional; las pruebas de acceso a &hellip; <a href=\"https:\/\/cifpn1.com\/siop\/?p=217\">Sigue leyendo <span class=\"meta-nav\">&rarr;<\/span><\/a><\/p>\n","protected":false},"author":5,"featured_media":282,"comment_status":"closed","ping_status":"closed","sticky":false,"template":"","format":"standard","meta":{"footnotes":""},"categories":[23],"tags":[],"class_list":["post-217","post","type-post","status-publish","format-standard","has-post-thumbnail","hentry","category-pruebas-de-acceso"],"_links":{"self":[{"href":"https:\/\/cifpn1.com\/siop\/index.php?rest_route=\/wp\/v2\/posts\/217","targetHints":{"allow":["GET"]}}],"collection":[{"href":"https:\/\/cifpn1.com\/siop\/index.php?rest_route=\/wp\/v2\/posts"}],"about":[{"href":"https:\/\/cifpn1.com\/siop\/index.php?rest_route=\/wp\/v2\/types\/post"}],"author":[{"embeddable":true,"href":"https:\/\/cifpn1.com\/siop\/index.php?rest_route=\/wp\/v2\/users\/5"}],"replies":[{"embeddable":true,"href":"https:\/\/cifpn1.com\/siop\/index.php?rest_route=%2Fwp%2Fv2%2Fcomments&post=217"}],"version-history":[{"count":3,"href":"https:\/\/cifpn1.com\/siop\/index.php?rest_route=\/wp\/v2\/posts\/217\/revisions"}],"predecessor-version":[{"id":283,"href":"https:\/\/cifpn1.com\/siop\/index.php?rest_route=\/wp\/v2\/posts\/217\/revisions\/283"}],"wp:featuredmedia":[{"embeddable":true,"href":"https:\/\/cifpn1.com\/siop\/index.php?rest_route=\/wp\/v2\/media\/282"}],"wp:attachment":[{"href":"https:\/\/cifpn1.com\/siop\/index.php?rest_route=%2Fwp%2Fv2%2Fmedia&parent=217"}],"wp:term":[{"taxonomy":"category","embeddable":true,"href":"https:\/\/cifpn1.com\/siop\/index.php?rest_route=%2Fwp%2Fv2%2Fcategories&post=217"},{"taxonomy":"post_tag","embeddable":true,"href":"https:\/\/cifpn1.com\/siop\/index.php?rest_route=%2Fwp%2Fv2%2Ftags&post=217"}],"curies":[{"name":"wp","href":"https:\/\/api.w.org\/{rel}","templated":true}]}}