{"id":1348,"date":"2022-01-31T22:13:44","date_gmt":"2022-01-31T21:13:44","guid":{"rendered":"https:\/\/cifpn1.com\/siop\/?p=1348"},"modified":"2022-03-18T18:35:43","modified_gmt":"2022-03-18T17:35:43","slug":"itinerarios-vitales-en-prensa","status":"publish","type":"post","link":"https:\/\/cifpn1.com\/siop\/?p=1348","title":{"rendered":"Itinerarios vitales en prensa."},"content":{"rendered":"<p style=\"text-align: justify;\">El jueves 27 de enero la <a href=\"http:\/\/www.fundacionacorde.com\/\" target=\"_blank\" rel=\"nofollow noopener noreferrer\"><strong><em>Fundaci\u00f3n Acorde<\/em><\/strong><\/a> estren\u00f3 su nuevo proyecto, autofinanciado, en el Centro Integrado de Formaci\u00f3n Profesional N\u00famero Uno de Santander.<\/p>\n<p style=\"text-align: justify;\">Tras el \u00e9xito del circuito dise\u00f1ado por la T\u00e9cnico Superior de Integraci\u00f3n Social, <em>M\u00f3nica Sardina Casanueva<\/em>, para el d\u00eda Mundial de la Salud Mental, y ante el aumento imparable de problemas de salud mental entre los m\u00e1s j\u00f3venes, la <em>Fundaci\u00f3n Acorde<\/em> ha decidido acudir a aquellos centros educativos que lo soliciten para concienciar a los m\u00e1s j\u00f3venes.<\/p>\n<p style=\"text-align: justify;\">La primera experiencia se ha desarrollado con dos grupos de alumnos diferentes del Centro Integrado de Formaci\u00f3n Profesional N\u00famero Uno de Santander, desde las 8:30 h. hasta las 11:00 h. <span style=\"color: #444444;\">de la ma\u00f1ana<\/span><span style=\"color: #444444;\">.<\/span><\/p>\n<p style=\"text-align: justify;\">La actividad consta de dos partes: una primera parte formativa e informativa, m\u00e1s te\u00f3rica, (realizada por <em>Laura Higuera Pardo<\/em>) dirigida a introducir algunas cuestiones b\u00e1sicas acerca de la salud mental y la manera en la que podemos cuidar de la misma y una segunda parte vivencial y aleg\u00f3rica, los\/as alumnos\/as realizan un recorrido que simula el camino vital de una persona hasta llegar a buscar atenci\u00f3n y ayuda psicol\u00f3gica.\u00a0A lo largo de este camino el alumnado carga con piedras (s\u00edmbolo de las cargas que vamos acumulando en nuestro desarrollo) para posteriormente intercambiarlas por estrellas (s\u00edmbolo de lo bueno que nos traen los aprendizajes).<\/p>\n<p style=\"text-align: justify;\">Tras esta primera experiencia la <em>Fundaci\u00f3n Acorde<\/em> espera seguir desarrollando y mejorando este proyecto para poder llegar a m\u00e1s alumnado y seguir promoviendo una buena salud mental para todos los c\u00e1ntabros y las c\u00e1ntabras.<\/p>\n<p style=\"text-align: justify;\">Queremos dar de nuevo las gracias a <em>M\u00f3nica Sardina<\/em>, <em>Laura Higuera<\/em> y <em>Dami\u00e1n Gonz\u00e1lez<\/em> (Presidente de la Fundaci\u00f3n).<\/p>\n<p><a href=\"https:\/\/www.elfaradio.com\/2022\/01\/31\/fundacion-acorde-lanza-itinerarios-vitales-un-proyecto-piloto-para-formar-e-informar-a-jovenes-sobre-salud-mental\/\">Acceso a la noticia<\/a><\/p>\n<p><img loading=\"lazy\" decoding=\"async\" class=\"aligncenter wp-image-1349\" src=\"https:\/\/cifpn1.com\/siop\/wp-content\/uploads\/2022\/02\/acorde.jpg\" alt=\"\" width=\"649\" height=\"368\" \/><\/p>\n<p>&nbsp;<\/p>\n","protected":false},"excerpt":{"rendered":"<p>El jueves 27 de enero la Fundaci\u00f3n Acorde estren\u00f3 su nuevo proyecto, autofinanciado, en el Centro Integrado de Formaci\u00f3n Profesional N\u00famero Uno de Santander. Tras el \u00e9xito del circuito dise\u00f1ado por la T\u00e9cnico Superior de Integraci\u00f3n Social, M\u00f3nica Sardina Casanueva, &hellip; <a href=\"https:\/\/cifpn1.com\/siop\/?p=1348\">Sigue leyendo <span class=\"meta-nav\">&rarr;<\/span><\/a><\/p>\n","protected":false},"author":6,"featured_media":1349,"comment_status":"closed","ping_status":"closed","sticky":false,"template":"","format":"standard","meta":{"footnotes":""},"categories":[19,28,21,35],"tags":[],"class_list":["post-1348","post","type-post","status-publish","format-standard","has-post-thumbnail","hentry","category-igualdad","category-jornadas","category-salud","category-salud-mental"],"_links":{"self":[{"href":"https:\/\/cifpn1.com\/siop\/index.php?rest_route=\/wp\/v2\/posts\/1348","targetHints":{"allow":["GET"]}}],"collection":[{"href":"https:\/\/cifpn1.com\/siop\/index.php?rest_route=\/wp\/v2\/posts"}],"about":[{"href":"https:\/\/cifpn1.com\/siop\/index.php?rest_route=\/wp\/v2\/types\/post"}],"author":[{"embeddable":true,"href":"https:\/\/cifpn1.com\/siop\/index.php?rest_route=\/wp\/v2\/users\/6"}],"replies":[{"embeddable":true,"href":"https:\/\/cifpn1.com\/siop\/index.php?rest_route=%2Fwp%2Fv2%2Fcomments&post=1348"}],"version-history":[{"count":5,"href":"https:\/\/cifpn1.com\/siop\/index.php?rest_route=\/wp\/v2\/posts\/1348\/revisions"}],"predecessor-version":[{"id":1417,"href":"https:\/\/cifpn1.com\/siop\/index.php?rest_route=\/wp\/v2\/posts\/1348\/revisions\/1417"}],"wp:featuredmedia":[{"embeddable":true,"href":"https:\/\/cifpn1.com\/siop\/index.php?rest_route=\/wp\/v2\/media\/1349"}],"wp:attachment":[{"href":"https:\/\/cifpn1.com\/siop\/index.php?rest_route=%2Fwp%2Fv2%2Fmedia&parent=1348"}],"wp:term":[{"taxonomy":"category","embeddable":true,"href":"https:\/\/cifpn1.com\/siop\/index.php?rest_route=%2Fwp%2Fv2%2Fcategories&post=1348"},{"taxonomy":"post_tag","embeddable":true,"href":"https:\/\/cifpn1.com\/siop\/index.php?rest_route=%2Fwp%2Fv2%2Ftags&post=1348"}],"curies":[{"name":"wp","href":"https:\/\/api.w.org\/{rel}","templated":true}]}}