{"id":1309,"date":"2021-10-19T10:01:02","date_gmt":"2021-10-19T09:01:02","guid":{"rendered":"https:\/\/cifpn1.com\/siop\/?p=1309"},"modified":"2022-05-11T09:39:21","modified_gmt":"2022-05-11T08:39:21","slug":"cafe-virtual-informativo-empleo-en-europa","status":"publish","type":"post","link":"https:\/\/cifpn1.com\/siop\/?p=1309","title":{"rendered":"Caf\u00e9 virtual informativo: Empleo en Europa"},"content":{"rendered":"<p style=\"text-align: justify;\"><span style=\"color: #000000;\">Dentro del evento Time to Move, se organiza este caf\u00e9 virtual para ofrecer recursos y herramientas en la b\u00fasqueda de empleo en otro pa\u00eds de Europa.<\/span><\/p>\n<p style=\"text-align: justify;\"><span style=\"color: #000000;\"><strong>Mi\u00e9rcoles,\u00a027 de octubre\u00a0a las 17:00<\/strong> &#8211; En l\u00ednea.<\/span><\/p>\n<p style=\"text-align: justify;\"><span style=\"color: #000000;\"><strong>Inscripciones<\/strong>\u00a0rellenando el siguiente formulario:\u00a0<a style=\"color: #000000;\" href=\"https:\/\/forms.gle\/iHuQLUeKQicVMpJK7\">Caf\u00e9 virtual informativo:\u00a0empleo en Europa<\/a><\/span><\/p>\n<p style=\"text-align: justify;\"><span style=\"color: #000000;\">Las\u00a0personas inscritas\u00a0recibir\u00e1n en la direcci\u00f3n de correo electr\u00f3nico facilitada el\u00a0enlace\u00a0para conectarse el d\u00eda antes del caf\u00e9.<\/span><\/p>\n<p><img loading=\"lazy\" decoding=\"async\" class=\" wp-image-1310 aligncenter\" src=\"https:\/\/cifpn1.com\/siop\/wp-content\/uploads\/2021\/10\/Cafe-Europa-Joven-656x656.jpg\" alt=\"\" width=\"600\" height=\"600\" srcset=\"https:\/\/cifpn1.com\/siop\/wp-content\/uploads\/2021\/10\/Cafe-Europa-Joven-656x656.jpg 656w, https:\/\/cifpn1.com\/siop\/wp-content\/uploads\/2021\/10\/Cafe-Europa-Joven-222x222.jpg 222w, https:\/\/cifpn1.com\/siop\/wp-content\/uploads\/2021\/10\/Cafe-Europa-Joven-768x768.jpg 768w, https:\/\/cifpn1.com\/siop\/wp-content\/uploads\/2021\/10\/Cafe-Europa-Joven-1536x1536.jpg 1536w, https:\/\/cifpn1.com\/siop\/wp-content\/uploads\/2021\/10\/Cafe-Europa-Joven-1200x1200.jpg 1200w, https:\/\/cifpn1.com\/siop\/wp-content\/uploads\/2021\/10\/Cafe-Europa-Joven.jpg 1600w\" sizes=\"auto, (max-width: 600px) 100vw, 600px\" \/><\/p>\n","protected":false},"excerpt":{"rendered":"<p>Dentro del evento Time to Move, se organiza este caf\u00e9 virtual para ofrecer recursos y herramientas en la b\u00fasqueda de empleo en otro pa\u00eds de Europa. Mi\u00e9rcoles,\u00a027 de octubre\u00a0a las 17:00 &#8211; En l\u00ednea. Inscripciones\u00a0rellenando el siguiente formulario:\u00a0Caf\u00e9 virtual informativo:\u00a0empleo &hellip; <a href=\"https:\/\/cifpn1.com\/siop\/?p=1309\">Sigue leyendo <span class=\"meta-nav\">&rarr;<\/span><\/a><\/p>\n","protected":false},"author":6,"featured_media":0,"comment_status":"closed","ping_status":"closed","sticky":false,"template":"","format":"standard","meta":{"footnotes":""},"categories":[1],"tags":[],"class_list":["post-1309","post","type-post","status-publish","format-standard","hentry","category-sin-categoria"],"_links":{"self":[{"href":"https:\/\/cifpn1.com\/siop\/index.php?rest_route=\/wp\/v2\/posts\/1309","targetHints":{"allow":["GET"]}}],"collection":[{"href":"https:\/\/cifpn1.com\/siop\/index.php?rest_route=\/wp\/v2\/posts"}],"about":[{"href":"https:\/\/cifpn1.com\/siop\/index.php?rest_route=\/wp\/v2\/types\/post"}],"author":[{"embeddable":true,"href":"https:\/\/cifpn1.com\/siop\/index.php?rest_route=\/wp\/v2\/users\/6"}],"replies":[{"embeddable":true,"href":"https:\/\/cifpn1.com\/siop\/index.php?rest_route=%2Fwp%2Fv2%2Fcomments&post=1309"}],"version-history":[{"count":3,"href":"https:\/\/cifpn1.com\/siop\/index.php?rest_route=\/wp\/v2\/posts\/1309\/revisions"}],"predecessor-version":[{"id":1473,"href":"https:\/\/cifpn1.com\/siop\/index.php?rest_route=\/wp\/v2\/posts\/1309\/revisions\/1473"}],"wp:attachment":[{"href":"https:\/\/cifpn1.com\/siop\/index.php?rest_route=%2Fwp%2Fv2%2Fmedia&parent=1309"}],"wp:term":[{"taxonomy":"category","embeddable":true,"href":"https:\/\/cifpn1.com\/siop\/index.php?rest_route=%2Fwp%2Fv2%2Fcategories&post=1309"},{"taxonomy":"post_tag","embeddable":true,"href":"https:\/\/cifpn1.com\/siop\/index.php?rest_route=%2Fwp%2Fv2%2Ftags&post=1309"}],"curies":[{"name":"wp","href":"https:\/\/api.w.org\/{rel}","templated":true}]}}