{"id":512,"date":"2018-10-23T19:25:50","date_gmt":"2018-10-23T19:25:50","guid":{"rendered":"http:\/\/cifpn1.com\/mpesquera\/?p=512"},"modified":"2020-01-05T22:55:09","modified_gmt":"2020-01-05T21:55:09","slug":"alicia-villauriz-destaca-el-papel-de-la-pesca-y-la-acuicultura-como-elementos-fundamentales-de-la-economia-azul","status":"publish","type":"post","link":"https:\/\/cifpn1.com\/mpesquera\/?p=512","title":{"rendered":"Alicia Villauriz destaca el papel de la pesca y la acuicultura como elementos fundamentales de la Econom\u00eda Azul"},"content":{"rendered":"<p style=\"text-align: justify;\">HOY, EN LA 5\u00aa REUNI\u00d3N DE LA ESTRATEGIA ATLANTICA QUE, COORDINADA POR EL MINISTERIO DE ASUNTOS EXTERIORES, UNI\u00d3N EUROPEA Y COOPERACI\u00d3N, SE CELEBRA EN VIGO<\/p>\n<p style=\"text-align: center;\"><a href=\"http:\/\/estaticos.ipmedios.com\/media\/1\/1\/1b2e244ba48fbe5d703100daedd26042-240x0.jpg\"><img loading=\"lazy\" decoding=\"async\" class=\"aligncenter size-full\" src=\"http:\/\/estaticos.ipmedios.com\/media\/1\/1\/1b2e244ba48fbe5d703100daedd26042-240x0.jpg\" width=\"480\" height=\"508\" \/><\/a><\/p>\n<div class=\"summary\" style=\"text-align: justify;\">La secretaria general de Pesca defiende el modelo de Crecimiento Azul que promueve un enfoque intersectorial, para asegurar que las numerosas pol\u00edticas relacionadas con el mar se formulan conjuntamente.<\/div>\n<div class=\"summary\" style=\"text-align: justify;\">Asegura que la Estrategia Atl\u00e1ntica, dise\u00f1ada por la Comisi\u00f3n Europea, supone una herramienta muy eficaz para el impulso del Crecimiento Azul.<\/div>\n<div class=\"summary\" style=\"text-align: justify;\">Valora la celebraci\u00f3n de las jornadas, que contribuir\u00e1n a conseguir unas zonas costeras econ\u00f3micamente viables, medioambientalmente sostenibles y socialmente revitalizadas.<\/div>\n<div><a href=\"https:\/\/www.mapa.gob.es\/es\/prensa\/ultimas-noticias\/Alicia-Villauriz-destaca-el-papel-de-la-pesca-y-la-acuicultura-como-elementos-fundamentales-de-la-Econom%C3%ADa-Azul\/tcm:30-482855\" target=\"_blank\" rel=\"noopener noreferrer\">Seguir leyendo: https:\/\/www.mapa.gob.es\/es\/prensa\/ultimas-noticias\/Alicia-Villauriz-destaca-el-papel-de-la-pesca-y-la-acuicultura-como-elementos-fundamentales-de-la-Econom%C3%ADa-Azul\/tcm:30-482855<\/a><\/div>\n<div><\/div>\n","protected":false},"excerpt":{"rendered":"<p>HOY, EN LA 5\u00aa REUNI\u00d3N DE LA ESTRATEGIA ATLANTICA QUE, COORDINADA POR EL MINISTERIO DE ASUNTOS EXTERIORES, UNI\u00d3N EUROPEA Y COOPERACI\u00d3N, SE CELEBRA EN VIGO La secretaria general de Pesca defiende el modelo de Crecimiento Azul que promueve un enfoque &hellip; <a href=\"https:\/\/cifpn1.com\/mpesquera\/?p=512\">Contin\u00faa leyendo <span class=\"meta-nav\">&rarr;<\/span><\/a><\/p>\n","protected":false},"author":1,"featured_media":0,"comment_status":"closed","ping_status":"closed","sticky":false,"template":"","format":"standard","meta":{"footnotes":""},"categories":[1],"tags":[],"class_list":["post-512","post","type-post","status-publish","format-standard","hentry","category-uncategorized"],"_links":{"self":[{"href":"https:\/\/cifpn1.com\/mpesquera\/index.php?rest_route=\/wp\/v2\/posts\/512","targetHints":{"allow":["GET"]}}],"collection":[{"href":"https:\/\/cifpn1.com\/mpesquera\/index.php?rest_route=\/wp\/v2\/posts"}],"about":[{"href":"https:\/\/cifpn1.com\/mpesquera\/index.php?rest_route=\/wp\/v2\/types\/post"}],"author":[{"embeddable":true,"href":"https:\/\/cifpn1.com\/mpesquera\/index.php?rest_route=\/wp\/v2\/users\/1"}],"replies":[{"embeddable":true,"href":"https:\/\/cifpn1.com\/mpesquera\/index.php?rest_route=%2Fwp%2Fv2%2Fcomments&post=512"}],"version-history":[{"count":3,"href":"https:\/\/cifpn1.com\/mpesquera\/index.php?rest_route=\/wp\/v2\/posts\/512\/revisions"}],"predecessor-version":[{"id":1194,"href":"https:\/\/cifpn1.com\/mpesquera\/index.php?rest_route=\/wp\/v2\/posts\/512\/revisions\/1194"}],"wp:attachment":[{"href":"https:\/\/cifpn1.com\/mpesquera\/index.php?rest_route=%2Fwp%2Fv2%2Fmedia&parent=512"}],"wp:term":[{"taxonomy":"category","embeddable":true,"href":"https:\/\/cifpn1.com\/mpesquera\/index.php?rest_route=%2Fwp%2Fv2%2Fcategories&post=512"},{"taxonomy":"post_tag","embeddable":true,"href":"https:\/\/cifpn1.com\/mpesquera\/index.php?rest_route=%2Fwp%2Fv2%2Ftags&post=512"}],"curies":[{"name":"wp","href":"https:\/\/api.w.org\/{rel}","templated":true}]}}