{"id":434,"date":"2018-04-05T15:02:28","date_gmt":"2018-04-05T15:02:28","guid":{"rendered":"http:\/\/cifpn1.com\/mpesquera\/?p=434"},"modified":"2018-04-05T15:06:14","modified_gmt":"2018-04-05T15:06:14","slug":"el-transporte-maritimo-acepta-el-reto-de-avanzar-hacia-su-descarbonizacion","status":"publish","type":"post","link":"https:\/\/cifpn1.com\/mpesquera\/?p=434","title":{"rendered":"El transporte mar\u00edtimo acepta el reto de avanzar hacia su descarbonizaci\u00f3n"},"content":{"rendered":"<p style=\"text-align: justify;\">El transporte mar\u00edtimo es hoy d\u00eda el medio de transporte m\u00e1s sostenible y fue en 2013 el primer sector econ\u00f3mico en contar con un marco normativo de \u00e1mbito global y obligatorio para reducir sus emisiones de CO2. Adem\u00e1s, las normas sobre emisiones de azufre van a exigir a los armadores asumir desde 2020 un important\u00edsimo aumento de sus costes de combustible, o bien cuantiosas inversiones en sus buques, lo que les va a incentivar a reducir todo lo posible su consumo de combustible.<\/p>\n<p style=\"text-align: justify;\">En diciembre de 2015, los Estados miembros de la Convenci\u00f3n Marco de la ONU sobre el Cambio Clim\u00e1tico, en la COP21 (Par\u00eds) acordaron invitar a todos los pa\u00edses y sectores a buscar una completa \u201cdescarbonizaci\u00f3n\u201d (es decir, cero emisiones de CO2). Si bien este reto no es tecnol\u00f3gicamente inviable a largo plazo, las herramientas t\u00e9cnicas con que cuenta para ello el transporte mar\u00edtimo son por el momento limitadas, por lo que es probable que haya que recurrir, a medio plazo, a \u201cmedidas de mercado\u201d, entre las cuales el sector se decanta claramente a favor de una tasa sobre el combustible y en contra del comercio de emisiones.<\/p>\n<p style=\"text-align: justify;\">La OMI ha establecido ya un calendario preciso y este mismo a\u00f1o 2018 tendremos\u00a0 una primera aproximaci\u00f3na los objetivos y las medidas concretas a introducir con el fin de que el transporte mar\u00edtimo pueda seguir sirviendo al comercio mundial, cada vez con mayores niveles de sostenibilidad. Seguir leyeno:<a href=\"https:\/\/www.anave.es\/images\/tribuna_profesional\/2017\/tribuna_bia0117_actulizada.pdf\" target=\"_blank\" rel=\"noopener\">https:\/\/www.anave.es\/images\/tribuna_profesional\/2017\/tribuna_bia0117_actulizada.pdf<\/a><\/p>\n","protected":false},"excerpt":{"rendered":"<p>El transporte mar\u00edtimo es hoy d\u00eda el medio de transporte m\u00e1s sostenible y fue en 2013 el primer sector econ\u00f3mico en contar con un marco normativo de \u00e1mbito global y obligatorio para reducir sus emisiones de CO2. Adem\u00e1s, las normas &hellip; <a href=\"https:\/\/cifpn1.com\/mpesquera\/?p=434\">Contin\u00faa leyendo <span class=\"meta-nav\">&rarr;<\/span><\/a><\/p>\n","protected":false},"author":1,"featured_media":0,"comment_status":"closed","ping_status":"closed","sticky":false,"template":"","format":"standard","meta":{"footnotes":""},"categories":[1],"tags":[],"class_list":["post-434","post","type-post","status-publish","format-standard","hentry","category-uncategorized"],"_links":{"self":[{"href":"https:\/\/cifpn1.com\/mpesquera\/index.php?rest_route=\/wp\/v2\/posts\/434","targetHints":{"allow":["GET"]}}],"collection":[{"href":"https:\/\/cifpn1.com\/mpesquera\/index.php?rest_route=\/wp\/v2\/posts"}],"about":[{"href":"https:\/\/cifpn1.com\/mpesquera\/index.php?rest_route=\/wp\/v2\/types\/post"}],"author":[{"embeddable":true,"href":"https:\/\/cifpn1.com\/mpesquera\/index.php?rest_route=\/wp\/v2\/users\/1"}],"replies":[{"embeddable":true,"href":"https:\/\/cifpn1.com\/mpesquera\/index.php?rest_route=%2Fwp%2Fv2%2Fcomments&post=434"}],"version-history":[{"count":3,"href":"https:\/\/cifpn1.com\/mpesquera\/index.php?rest_route=\/wp\/v2\/posts\/434\/revisions"}],"predecessor-version":[{"id":437,"href":"https:\/\/cifpn1.com\/mpesquera\/index.php?rest_route=\/wp\/v2\/posts\/434\/revisions\/437"}],"wp:attachment":[{"href":"https:\/\/cifpn1.com\/mpesquera\/index.php?rest_route=%2Fwp%2Fv2%2Fmedia&parent=434"}],"wp:term":[{"taxonomy":"category","embeddable":true,"href":"https:\/\/cifpn1.com\/mpesquera\/index.php?rest_route=%2Fwp%2Fv2%2Fcategories&post=434"},{"taxonomy":"post_tag","embeddable":true,"href":"https:\/\/cifpn1.com\/mpesquera\/index.php?rest_route=%2Fwp%2Fv2%2Ftags&post=434"}],"curies":[{"name":"wp","href":"https:\/\/api.w.org\/{rel}","templated":true}]}}