{"id":2083,"date":"2023-02-06T16:49:10","date_gmt":"2023-02-06T15:49:10","guid":{"rendered":"https:\/\/cifpn1.com\/mpesquera\/?p=2083"},"modified":"2023-02-06T16:53:37","modified_gmt":"2023-02-06T15:53:37","slug":"el-bio-hesperides-cruza-el-circulo-polar-antartico-miercoles-25-de-enero-de-2023","status":"publish","type":"post","link":"https:\/\/cifpn1.com\/mpesquera\/?p=2083","title":{"rendered":"El BIO \u201cHesp\u00e9rides\u201d cruza el C\u00edrculo Polar Ant\u00e1rtico Mi\u00e9rcoles, 25 de enero de 2023"},"content":{"rendered":"<p><img loading=\"lazy\" decoding=\"async\" class=\"fade-effect aligncenter\" title=\"Muestreos en la ping\u00fcinera de Punta Hannah (isla Livingston)\" src=\"https:\/\/armada.defensa.gob.es\/archivo\/noticias\/conocenosnoticias\/00noticias\/2023\/01\/NT007\/2.jpg\" alt=\"Muestreos en la ping\u00fcinera de Punta Hannah (isla Livingston)\" width=\"645\" height=\"362\" \/><\/p>\n<p style=\"text-align: justify;\">Durante la madrugada del d\u00eda 23 de enero, el BIO \u201cHesp\u00e9rides\u201d atraves\u00f3 el C\u00edrculo Polar Ant\u00e1rtico (latitud 66\u00ba 33,75\u2019 S) en longitud 068\u00ba 16,4\u2019 W, navegando por aguas del mar de Bellingshausen en desempe\u00f1o de su XXVII Campa\u00f1a Ant\u00e1rtica. El buque oceanogr\u00e1fico de la Armada reedit\u00f3 el hito alcanzado hace poco menos de un a\u00f1o conmemor\u00e1ndolo con el tradicional pintado del alavante de color azul.<\/p>\n<p style=\"text-align: justify;\">El BIO \u201cHesp\u00e9rides\u201d se encuentra en aguas de Bah\u00eda Margarita, en el litoral oeste de la Pen\u00ednsula Ant\u00e1rtica, realizando los muestreos pertinentes para las investigaciones cient\u00edficas que se est\u00e1n llevando a cabo a bordo del buque, consistentes en una campa\u00f1a cient\u00edfica multidisciplinar integrada por cuatro proyectos que se realizan de manera simult\u00e1nea. <a href=\"https:\/\/armada.defensa.gob.es\/ArmadaPortal\/page\/Portal\/ArmadaEspannola\/conocenosnoticias\/prefLang-es\/00noticias--2023--01--NT-007-HESP-CRUZA-es?_selectedNodeID=5585091&amp;_pageAction=selectItem\" target=\"_blank\" rel=\"noopener\">Seguir leyendo: https:\/\/armada.defensa.gob.es<\/a><\/p>\n","protected":false},"excerpt":{"rendered":"<p>Durante la madrugada del d\u00eda 23 de enero, el BIO \u201cHesp\u00e9rides\u201d atraves\u00f3 el C\u00edrculo Polar Ant\u00e1rtico (latitud 66\u00ba 33,75\u2019 S) en longitud 068\u00ba 16,4\u2019 W, navegando por aguas del mar de Bellingshausen en desempe\u00f1o de su XXVII Campa\u00f1a Ant\u00e1rtica. El &hellip; <a href=\"https:\/\/cifpn1.com\/mpesquera\/?p=2083\">Contin\u00faa leyendo <span class=\"meta-nav\">&rarr;<\/span><\/a><\/p>\n","protected":false},"author":1,"featured_media":0,"comment_status":"closed","ping_status":"closed","sticky":false,"template":"","format":"standard","meta":{"footnotes":""},"categories":[4],"tags":[],"class_list":["post-2083","post","type-post","status-publish","format-standard","hentry","category-noticia"],"_links":{"self":[{"href":"https:\/\/cifpn1.com\/mpesquera\/index.php?rest_route=\/wp\/v2\/posts\/2083","targetHints":{"allow":["GET"]}}],"collection":[{"href":"https:\/\/cifpn1.com\/mpesquera\/index.php?rest_route=\/wp\/v2\/posts"}],"about":[{"href":"https:\/\/cifpn1.com\/mpesquera\/index.php?rest_route=\/wp\/v2\/types\/post"}],"author":[{"embeddable":true,"href":"https:\/\/cifpn1.com\/mpesquera\/index.php?rest_route=\/wp\/v2\/users\/1"}],"replies":[{"embeddable":true,"href":"https:\/\/cifpn1.com\/mpesquera\/index.php?rest_route=%2Fwp%2Fv2%2Fcomments&post=2083"}],"version-history":[{"count":2,"href":"https:\/\/cifpn1.com\/mpesquera\/index.php?rest_route=\/wp\/v2\/posts\/2083\/revisions"}],"predecessor-version":[{"id":2085,"href":"https:\/\/cifpn1.com\/mpesquera\/index.php?rest_route=\/wp\/v2\/posts\/2083\/revisions\/2085"}],"wp:attachment":[{"href":"https:\/\/cifpn1.com\/mpesquera\/index.php?rest_route=%2Fwp%2Fv2%2Fmedia&parent=2083"}],"wp:term":[{"taxonomy":"category","embeddable":true,"href":"https:\/\/cifpn1.com\/mpesquera\/index.php?rest_route=%2Fwp%2Fv2%2Fcategories&post=2083"},{"taxonomy":"post_tag","embeddable":true,"href":"https:\/\/cifpn1.com\/mpesquera\/index.php?rest_route=%2Fwp%2Fv2%2Ftags&post=2083"}],"curies":[{"name":"wp","href":"https:\/\/api.w.org\/{rel}","templated":true}]}}