{"id":1695,"date":"2021-09-28T18:21:39","date_gmt":"2021-09-28T17:21:39","guid":{"rendered":"https:\/\/cifpn1.com\/mpesquera\/?p=1695"},"modified":"2021-09-28T18:22:04","modified_gmt":"2021-09-28T17:22:04","slug":"trabajadores-del-mar-www-seg-social-es","status":"publish","type":"post","link":"https:\/\/cifpn1.com\/mpesquera\/?p=1695","title":{"rendered":"Trabajadores del mar (www.seg-social.es)"},"content":{"rendered":"<div class=\"component-control id-Z7_598I0802N0Q8F0AVAVPEF22003\">\n<div id=\"estructura\" class=\"col-xs-12 col-md-12 mt0 niv-content\">\n<div class=\"col-sm-12 col-xs-12 margen text-block\">\n<ul class=\"col-md-12 listado-menu mt10 triangle bordeOut\">\n<li class=\"col-xs-12 col-md-6\"><a href=\"https:\/\/www.seg-social.es\/wps\/portal\/wss\/internet\/Trabajadores\/TrabajadoresMar\/3194\">Ley 47\/2015<\/a><\/li>\n<li class=\"col-xs-12 col-md-6\"><a href=\"https:\/\/www.seg-social.es\/wps\/portal\/wss\/internet\/Trabajadores\/TrabajadoresMar\/29482\">Formaci\u00f3n<\/a><\/li>\n<li class=\"col-xs-12 col-md-6\"><a href=\"https:\/\/www.seg-social.es\/wps\/portal\/wss\/internet\/Trabajadores\/TrabajadoresMar\/35300\">Sanidad Mar\u00edtima<\/a><\/li>\n<li class=\"col-xs-12 col-md-6\"><a href=\"https:\/\/www.seg-social.es\/wps\/portal\/wss\/internet\/Trabajadores\/TrabajadoresMar\/38602\">Programas Sociales<\/a><\/li>\n<li class=\"col-xs-12 col-md-6\"><a href=\"https:\/\/www.seg-social.es\/wps\/portal\/wss\/internet\/Trabajadores\/TrabajadoresMar\/39710\">Empleo y Desempleo<\/a><\/li>\n<li class=\"col-xs-12 col-md-6\"><a href=\"https:\/\/www.seg-social.es\/wps\/portal\/wss\/internet\/Trabajadores\/TrabajadoresMar\/2277\">Protecci\u00f3n por cese de actividad<\/a><\/li>\n<li class=\"col-xs-12 col-md-6\"><a href=\"https:\/\/www.seg-social.es\/wps\/portal\/wss\/internet\/Trabajadores\/TrabajadoresMar\/1921\">Convenios de Colaboraci\u00f3n<\/a><\/li>\n<li class=\"col-xs-12 col-md-6\"><a href=\"https:\/\/www.seg-social.es\/wps\/portal\/wss\/internet\/Trabajadores\/TrabajadoresMar\/1859\">Datos de gesti\u00f3n<\/a><\/li>\n<li class=\"col-xs-12 col-md-6\"><a title=\"Prestaciones y Pensiones\" href=\"https:\/\/www.seg-social.es\/wps\/portal\/wss\/internet\/Trabajadores\/PrestacionesPensionesTrabajadores\" target=\"_self\" rel=\"noopener\">Prestaciones y Pensiones<\/a><\/li>\n<li class=\"col-xs-12 col-md-6\"><a title=\"Afiliaci\u00f3n\" href=\"https:\/\/www.seg-social.es\/wps\/portal\/wss\/internet\/Trabajadores\/Afiliacion\/10548\/32840\" target=\"_self\" rel=\"noopener\">Afiliaci\u00f3n<\/a><\/li>\n<li class=\"col-xs-12 col-md-6\"><a title=\"Cotizaci\u00f3n\" href=\"https:\/\/www.seg-social.es\/wps\/portal\/wss\/internet\/Trabajadores\/CotizacionRecaudacionTrabajadores\/10721\/33361\" target=\"_self\" rel=\"noopener\">Cotizaci\u00f3n<\/a><\/li>\n<li class=\"col-xs-12 col-md-6\"><a href=\"https:\/\/www.seg-social.es\/wps\/portal\/wss\/internet\/Trabajadores\/TrabajadoresMar\/63d82bca-9898-42fd-be48-246ce9643c01\">Informaci\u00f3n sobre el Brexit<\/a><\/li>\n<\/ul>\n<p><a href=\"https:\/\/www.seg-social.es\/wps\/portal\/wss\/internet\/Trabajadores\/TrabajadoresMar\" target=\"_blank\" rel=\"noopener\">Enlace a la p\u00e1gina web:https:\/\/www.seg-social.es<\/a><\/p>\n<\/div>\n<\/div>\n<\/div>\n","protected":false},"excerpt":{"rendered":"<p>Ley 47\/2015 Formaci\u00f3n Sanidad Mar\u00edtima Programas Sociales Empleo y Desempleo Protecci\u00f3n por cese de actividad Convenios de Colaboraci\u00f3n Datos de gesti\u00f3n Prestaciones y Pensiones Afiliaci\u00f3n Cotizaci\u00f3n Informaci\u00f3n sobre el Brexit Enlace a la p\u00e1gina web:https:\/\/www.seg-social.es<\/p>\n","protected":false},"author":1,"featured_media":0,"comment_status":"closed","ping_status":"closed","sticky":false,"template":"","format":"standard","meta":{"footnotes":""},"categories":[1],"tags":[],"class_list":["post-1695","post","type-post","status-publish","format-standard","hentry","category-uncategorized"],"_links":{"self":[{"href":"https:\/\/cifpn1.com\/mpesquera\/index.php?rest_route=\/wp\/v2\/posts\/1695","targetHints":{"allow":["GET"]}}],"collection":[{"href":"https:\/\/cifpn1.com\/mpesquera\/index.php?rest_route=\/wp\/v2\/posts"}],"about":[{"href":"https:\/\/cifpn1.com\/mpesquera\/index.php?rest_route=\/wp\/v2\/types\/post"}],"author":[{"embeddable":true,"href":"https:\/\/cifpn1.com\/mpesquera\/index.php?rest_route=\/wp\/v2\/users\/1"}],"replies":[{"embeddable":true,"href":"https:\/\/cifpn1.com\/mpesquera\/index.php?rest_route=%2Fwp%2Fv2%2Fcomments&post=1695"}],"version-history":[{"count":2,"href":"https:\/\/cifpn1.com\/mpesquera\/index.php?rest_route=\/wp\/v2\/posts\/1695\/revisions"}],"predecessor-version":[{"id":1697,"href":"https:\/\/cifpn1.com\/mpesquera\/index.php?rest_route=\/wp\/v2\/posts\/1695\/revisions\/1697"}],"wp:attachment":[{"href":"https:\/\/cifpn1.com\/mpesquera\/index.php?rest_route=%2Fwp%2Fv2%2Fmedia&parent=1695"}],"wp:term":[{"taxonomy":"category","embeddable":true,"href":"https:\/\/cifpn1.com\/mpesquera\/index.php?rest_route=%2Fwp%2Fv2%2Fcategories&post=1695"},{"taxonomy":"post_tag","embeddable":true,"href":"https:\/\/cifpn1.com\/mpesquera\/index.php?rest_route=%2Fwp%2Fv2%2Ftags&post=1695"}],"curies":[{"name":"wp","href":"https:\/\/api.w.org\/{rel}","templated":true}]}}