{"id":1675,"date":"2021-09-23T09:45:19","date_gmt":"2021-09-23T08:45:19","guid":{"rendered":"https:\/\/cifpn1.com\/mpesquera\/?p=1675"},"modified":"2021-09-23T09:45:19","modified_gmt":"2021-09-23T08:45:19","slug":"transportes-cambia-el-registro-para-hacer-mas-facil-abanderarse-en-espana","status":"publish","type":"post","link":"https:\/\/cifpn1.com\/mpesquera\/?p=1675","title":{"rendered":"Transportes cambia el registro para hacer m\u00e1s f\u00e1cil abanderarse en Espa\u00f1a"},"content":{"rendered":"<p><img loading=\"lazy\" decoding=\"async\" class=\"aligncenter\" src=\"https:\/\/cflvdg.avoz.es\/sc\/480x\/default\/2021\/07\/20\/00121626806705977144950\/Foto\/GL21P31F1_204235.jpg\" sizes=\"auto,  (max-width:800px) 30vw, 100vw\" srcset=\" https:\/\/cflvdg.avoz.es\/sc\/XE6TqWONIWUbeyel1Py-iTXzgB8=\/480x\/2021\/07\/20\/00121626806705977144950\/Foto\/GL21P31F1_204235.jpg 480w, https:\/\/cflvdg.avoz.es\/sc\/SWev67dnQE7cdkPbwES7c0uk4nk=\/768x\/2021\/07\/20\/00121626806705977144950\/Foto\/GL21P31F1_204235.jpg 768w\" alt=\"\" width=\"533\" height=\"333\" \/><\/p>\n<p style=\"text-align: justify;\">La ministra de Transportes, Movilidad y Agenda Urbana, Raquel S\u00e1nchez, clausur\u00f3 ayer la asamblea general de la Asociaci\u00f3n de Navieros Espa\u00f1oles (Anave) haciendo un repaso del proceso de reforma en el que est\u00e1 inmerso su departamento para reforzar al que se refiri\u00f3 como \u00abun sector tan importante para la econom\u00eda espa\u00f1ola como es el del <a href=\"https:\/\/www.lavozdegalicia.es\/temas\/transporte-maritimo\">transporte mar\u00edtimo<\/a>\u00bb. Destac\u00f3 asimismo su resiliencia, pues a pesar de la pandemia cerr\u00f3 el ejercicio moviendo 515 millones de toneladas en los <a href=\"https:\/\/www.lavozdegalicia.es\/temas\/puertos\">puertos<\/a> espa\u00f1oles, un 8,65 % menos con respecto al a\u00f1o anterior.<\/p>\n<p><a href=\"https:\/\/www.lavozdegalicia.es\/noticia\/somosmar\/2021\/07\/21\/transportes-cambia-registro-facil-abanderarse-espana\/0003_202107G21P31993.htm\" target=\"_blank\" rel=\"noopener\">Seguir leyendo: https:\/\/www.lavozdegalicia.es<\/a><\/p>\n","protected":false},"excerpt":{"rendered":"<p>La ministra de Transportes, Movilidad y Agenda Urbana, Raquel S\u00e1nchez, clausur\u00f3 ayer la asamblea general de la Asociaci\u00f3n de Navieros Espa\u00f1oles (Anave) haciendo un repaso del proceso de reforma en el que est\u00e1 inmerso su departamento para reforzar al que &hellip; <a href=\"https:\/\/cifpn1.com\/mpesquera\/?p=1675\">Contin\u00faa leyendo <span class=\"meta-nav\">&rarr;<\/span><\/a><\/p>\n","protected":false},"author":1,"featured_media":0,"comment_status":"closed","ping_status":"closed","sticky":false,"template":"","format":"standard","meta":{"footnotes":""},"categories":[1],"tags":[],"class_list":["post-1675","post","type-post","status-publish","format-standard","hentry","category-uncategorized"],"_links":{"self":[{"href":"https:\/\/cifpn1.com\/mpesquera\/index.php?rest_route=\/wp\/v2\/posts\/1675","targetHints":{"allow":["GET"]}}],"collection":[{"href":"https:\/\/cifpn1.com\/mpesquera\/index.php?rest_route=\/wp\/v2\/posts"}],"about":[{"href":"https:\/\/cifpn1.com\/mpesquera\/index.php?rest_route=\/wp\/v2\/types\/post"}],"author":[{"embeddable":true,"href":"https:\/\/cifpn1.com\/mpesquera\/index.php?rest_route=\/wp\/v2\/users\/1"}],"replies":[{"embeddable":true,"href":"https:\/\/cifpn1.com\/mpesquera\/index.php?rest_route=%2Fwp%2Fv2%2Fcomments&post=1675"}],"version-history":[{"count":1,"href":"https:\/\/cifpn1.com\/mpesquera\/index.php?rest_route=\/wp\/v2\/posts\/1675\/revisions"}],"predecessor-version":[{"id":1676,"href":"https:\/\/cifpn1.com\/mpesquera\/index.php?rest_route=\/wp\/v2\/posts\/1675\/revisions\/1676"}],"wp:attachment":[{"href":"https:\/\/cifpn1.com\/mpesquera\/index.php?rest_route=%2Fwp%2Fv2%2Fmedia&parent=1675"}],"wp:term":[{"taxonomy":"category","embeddable":true,"href":"https:\/\/cifpn1.com\/mpesquera\/index.php?rest_route=%2Fwp%2Fv2%2Fcategories&post=1675"},{"taxonomy":"post_tag","embeddable":true,"href":"https:\/\/cifpn1.com\/mpesquera\/index.php?rest_route=%2Fwp%2Fv2%2Ftags&post=1675"}],"curies":[{"name":"wp","href":"https:\/\/api.w.org\/{rel}","templated":true}]}}