{"id":1651,"date":"2021-06-09T08:07:00","date_gmt":"2021-06-09T07:07:00","guid":{"rendered":"https:\/\/cifpn1.com\/mpesquera\/?p=1651"},"modified":"2021-06-25T15:35:07","modified_gmt":"2021-06-25T14:35:07","slug":"1651","status":"publish","type":"post","link":"https:\/\/cifpn1.com\/mpesquera\/?p=1651","title":{"rendered":"D\u00eda Mundial de los Oc\u00e9anos: \u00abVida y medios de subsistencia\u00bb"},"content":{"rendered":"<p><img loading=\"lazy\" decoding=\"async\" class=\"aligncenter\" title=\"\" src=\"https:\/\/www.un.org\/sites\/un2.un.org\/files\/styles\/banner-image-style-27-10\/public\/oceans_day_2021_index.jpg?itok=URT2YsQz\" alt=\"Un peque\u00f1o pez escondido en una an\u00e9mona\" width=\"533\" height=\"333\" \/><\/p>\n<p style=\"text-align: justify;\">D\u00eda Mundial de los Oc\u00e9anos: \u00abVida y medios de subsistencia\u00bb<br \/>\n8 de junio 2021<\/p>\n<p style=\"text-align: justify;\">Sin duda, entre los retos m\u00e1s importantes que enfrenta hoy la comunidad internacional est\u00e1n la pandemia provocada por la COVID-19 y la emergencia clim\u00e1tica. Ambas est\u00e1n \u00edntimamente ligadas, pero su conjunci\u00f3n tambi\u00e9n nos abre un tiempo para avanzar. As\u00ed, en 2020, el Secretario General de la Organizaci\u00f3n de Naciones Unidas (ONU), <a href=\"https:\/\/nacionesunidas.org.co\/noticias\/declaraciones\/mensaje-del-secretario-general-por-el-dia-mundial-de-los-oceanos-2020\/\">Antonio Guterres nos recordaba<\/a> que \u00abal trabajar para eliminar la pandemia y reconstruir mejor, se nos presenta una oportunidad \u00fanica (y la responsabilidad) de corregir nuestra relaci\u00f3n con la naturaleza, incluidos los mares y oc\u00e9anos del mundo\u00bb.<\/p>\n<p style=\"text-align: justify;\">Con motivo de la celebraci\u00f3n del \u201c<a href=\"https:\/\/www.un.org\/es\/observances\/oceans-day\">D\u00eda Mundial de los Oc\u00e9anos<\/a>\u201d, \u00a0hoy 8 de junio, cabr\u00eda citar a Victor Hugo: \u00abel futuro tiene muchos nombres. Para los d\u00e9biles es lo inalcanzable. Para los temerosos, lo desconocido. Para los valientes, es la oportunidad\u00bb. Efectivamente, estos momentos de esfuerzo para frenar los efectos del cambio clim\u00e1tico requieren \u2014en el marco global m\u00e1s amplio posible\u2014 valent\u00eda y responsabillidad personal, social e institucional, que nos deben alentar a cambiar nuestra actitud en muchas facetas; entre ellas, \u00a0nuestro comportamiento con los mares y oc\u00e9anos, que es especialmente significativo porque la actividad humana individual tiene claras consecuencias en todo el mundo. Seguir leyendo:<a href=\"https:\/\/www.dsn.gob.es\/es\/actualidad\/sala-prensa\/d%C3%ADa-mundial-oc%C3%A9anos-%C2%ABvida-medios-subsistencia%C2%BB\" target=\"_blank\" rel=\"noopener\">https:\/\/www.dsn.gob.es<\/a><\/p>\n","protected":false},"excerpt":{"rendered":"<p>D\u00eda Mundial de los Oc\u00e9anos: \u00abVida y medios de subsistencia\u00bb 8 de junio 2021 Sin duda, entre los retos m\u00e1s importantes que enfrenta hoy la comunidad internacional est\u00e1n la pandemia provocada por la COVID-19 y la emergencia clim\u00e1tica. Ambas est\u00e1n &hellip; <a href=\"https:\/\/cifpn1.com\/mpesquera\/?p=1651\">Contin\u00faa leyendo <span class=\"meta-nav\">&rarr;<\/span><\/a><\/p>\n","protected":false},"author":1,"featured_media":0,"comment_status":"closed","ping_status":"closed","sticky":false,"template":"","format":"standard","meta":{"footnotes":""},"categories":[1],"tags":[],"class_list":["post-1651","post","type-post","status-publish","format-standard","hentry","category-uncategorized"],"_links":{"self":[{"href":"https:\/\/cifpn1.com\/mpesquera\/index.php?rest_route=\/wp\/v2\/posts\/1651","targetHints":{"allow":["GET"]}}],"collection":[{"href":"https:\/\/cifpn1.com\/mpesquera\/index.php?rest_route=\/wp\/v2\/posts"}],"about":[{"href":"https:\/\/cifpn1.com\/mpesquera\/index.php?rest_route=\/wp\/v2\/types\/post"}],"author":[{"embeddable":true,"href":"https:\/\/cifpn1.com\/mpesquera\/index.php?rest_route=\/wp\/v2\/users\/1"}],"replies":[{"embeddable":true,"href":"https:\/\/cifpn1.com\/mpesquera\/index.php?rest_route=%2Fwp%2Fv2%2Fcomments&post=1651"}],"version-history":[{"count":2,"href":"https:\/\/cifpn1.com\/mpesquera\/index.php?rest_route=\/wp\/v2\/posts\/1651\/revisions"}],"predecessor-version":[{"id":1654,"href":"https:\/\/cifpn1.com\/mpesquera\/index.php?rest_route=\/wp\/v2\/posts\/1651\/revisions\/1654"}],"wp:attachment":[{"href":"https:\/\/cifpn1.com\/mpesquera\/index.php?rest_route=%2Fwp%2Fv2%2Fmedia&parent=1651"}],"wp:term":[{"taxonomy":"category","embeddable":true,"href":"https:\/\/cifpn1.com\/mpesquera\/index.php?rest_route=%2Fwp%2Fv2%2Fcategories&post=1651"},{"taxonomy":"post_tag","embeddable":true,"href":"https:\/\/cifpn1.com\/mpesquera\/index.php?rest_route=%2Fwp%2Fv2%2Ftags&post=1651"}],"curies":[{"name":"wp","href":"https:\/\/api.w.org\/{rel}","templated":true}]}}