{"id":1628,"date":"2021-05-21T16:01:30","date_gmt":"2021-05-21T15:01:30","guid":{"rendered":"https:\/\/cifpn1.com\/mpesquera\/?p=1628"},"modified":"2021-06-25T15:36:48","modified_gmt":"2021-06-25T14:36:48","slug":"1628","status":"publish","type":"post","link":"https:\/\/cifpn1.com\/mpesquera\/?p=1628","title":{"rendered":"El Museo Mar\u00edtimo afronta una gran remodelaci\u00f3n en su 40 aniversario"},"content":{"rendered":"<header>Su director asegura que las obras dar\u00e1n \u00abun gran impulso\u00bb a la actividad expositiva y divulgativa del museo.<\/p>\n<figure>\n<div><img loading=\"lazy\" decoding=\"async\" class=\"aligncenter\" title=\"Gerardo Garc\u00eda Castrillo, director del Museo Mar\u00edtimo del Cant\u00e1brico\" src=\"https:\/\/sdmedia.playser.cadenaser.com\/2021\/4\/20\/1618916807_807713_still.jpg\" alt=\"Gerardo Garc\u00eda Castrillo, director del Museo Mar\u00edtimo del Cant\u00e1brico\" width=\"533\" height=\"333\" data-was-processed=\"true\" \/><\/div>\n<\/figure>\n<div><\/div>\n<figure>\n<div style=\"text-align: justify;\">El Gobierno de Cantabria invertir\u00e1 m\u00e1s de 750.000 euros en la remodelaci\u00f3n del Museo Mar\u00edtimo del Cant\u00e1brico coincidiendo con el 40 aniversario de su inauguraci\u00f3n.<\/div>\n<div>\n<p style=\"text-align: justify;\">En &#8216;A Vivir que son dos d\u00edas Cantabria&#8217; hablamos con su director, Gerardo Garc\u00eda Castrillo, de las obras que transformar\u00e1n el mar\u00edtimo en un museo del siglo XXI. <a href=\"https:\/\/cadenaser.com\/emisora\/2021\/04\/26\/radio_santander\/1619432295_823684.html\" target=\"_blank\" rel=\"noopener\">Seguir leyendo https:\/\/cadenaser.com<\/a><\/p>\n<\/div>\n<\/figure>\n<div id=\"player-1618916807_807713\" class=\"cnt-audio-imagen-v3 ocultar-share\" data-fotonoticia=\"\/ser\/imagenes\/2021\/04\/26\/radio_santander\/1619432295_823684_1619432437_miniatura_normal.jpg\"><\/div>\n<\/header>\n","protected":false},"excerpt":{"rendered":"<p>Su director asegura que las obras dar\u00e1n \u00abun gran impulso\u00bb a la actividad expositiva y divulgativa del museo. El Gobierno de Cantabria invertir\u00e1 m\u00e1s de 750.000 euros en la remodelaci\u00f3n del Museo Mar\u00edtimo del Cant\u00e1brico coincidiendo con el 40 aniversario &hellip; <a href=\"https:\/\/cifpn1.com\/mpesquera\/?p=1628\">Contin\u00faa leyendo <span class=\"meta-nav\">&rarr;<\/span><\/a><\/p>\n","protected":false},"author":1,"featured_media":0,"comment_status":"closed","ping_status":"closed","sticky":false,"template":"","format":"standard","meta":{"footnotes":""},"categories":[1],"tags":[],"class_list":["post-1628","post","type-post","status-publish","format-standard","hentry","category-uncategorized"],"_links":{"self":[{"href":"https:\/\/cifpn1.com\/mpesquera\/index.php?rest_route=\/wp\/v2\/posts\/1628","targetHints":{"allow":["GET"]}}],"collection":[{"href":"https:\/\/cifpn1.com\/mpesquera\/index.php?rest_route=\/wp\/v2\/posts"}],"about":[{"href":"https:\/\/cifpn1.com\/mpesquera\/index.php?rest_route=\/wp\/v2\/types\/post"}],"author":[{"embeddable":true,"href":"https:\/\/cifpn1.com\/mpesquera\/index.php?rest_route=\/wp\/v2\/users\/1"}],"replies":[{"embeddable":true,"href":"https:\/\/cifpn1.com\/mpesquera\/index.php?rest_route=%2Fwp%2Fv2%2Fcomments&post=1628"}],"version-history":[{"count":5,"href":"https:\/\/cifpn1.com\/mpesquera\/index.php?rest_route=\/wp\/v2\/posts\/1628\/revisions"}],"predecessor-version":[{"id":1658,"href":"https:\/\/cifpn1.com\/mpesquera\/index.php?rest_route=\/wp\/v2\/posts\/1628\/revisions\/1658"}],"wp:attachment":[{"href":"https:\/\/cifpn1.com\/mpesquera\/index.php?rest_route=%2Fwp%2Fv2%2Fmedia&parent=1628"}],"wp:term":[{"taxonomy":"category","embeddable":true,"href":"https:\/\/cifpn1.com\/mpesquera\/index.php?rest_route=%2Fwp%2Fv2%2Fcategories&post=1628"},{"taxonomy":"post_tag","embeddable":true,"href":"https:\/\/cifpn1.com\/mpesquera\/index.php?rest_route=%2Fwp%2Fv2%2Ftags&post=1628"}],"curies":[{"name":"wp","href":"https:\/\/api.w.org\/{rel}","templated":true}]}}