{"id":1619,"date":"2021-05-14T15:48:17","date_gmt":"2021-05-14T14:48:17","guid":{"rendered":"https:\/\/cifpn1.com\/mpesquera\/?p=1619"},"modified":"2021-05-14T15:48:54","modified_gmt":"2021-05-14T14:48:54","slug":"el-mercado-nautico-supera-los-datos-pre-covid-y-registra-el-mejor-cuatrimestre-en-crecimiento-de-matriculaciones-de-embarcaciones-de-recreo","status":"publish","type":"post","link":"https:\/\/cifpn1.com\/mpesquera\/?p=1619","title":{"rendered":"El mercado n\u00e1utico supera los datos pre-covid y registra el mejor cuatrimestre en crecimiento de matriculaciones de embarcaciones de recreo"},"content":{"rendered":"<p>&nbsp;<\/p>\n<p><img loading=\"lazy\" decoding=\"async\" class=\"shrinkToFit aligncenter\" src=\"http:\/\/www.anen.es\/wp-content\/uploads\/2021\/05\/PORTA-VELL_BARCELONA-1536x1152.jpg\" alt=\"http:\/\/www.anen.es\/wp-content\/uploads\/2021\/05\/PORTA-VELL_BARCELONA-1536x1152.jpg\" width=\"533\" height=\"333\" \/><\/p>\n<ul>\n<li style=\"text-align: justify;\">El disfrute de una embarcaci\u00f3n como ocio seguro se dispara en Espa\u00f1a con una previsi\u00f3n sin precedentes en cuanto a m\u00e1ximos de demanda de embarcaciones de recreo para la temporada 2021.<\/li>\n<\/ul>\n<ul style=\"text-align: justify;\">\n<li>El verano 2021 se perfila como el \u201cverano a bordo\u201d. La demanda de embarcaciones de recreo se ha disparado, registrando uno de los mayores incrementos en el primer cuatrimestre del a\u00f1o, incluso superando el crecimiento del mismo per\u00edodo de 2019 en un 13,44%.<\/li>\n<\/ul>\n<ul style=\"text-align: justify;\">\n<li>El alquiler se dispara tambi\u00e9n con un crecimiento del 111% en el acumulado de este a\u00f1o con respecto al mismo per\u00edodo de 2020, y del 20,5% con respecto a 2019.<\/li>\n<\/ul>\n<ul>\n<li style=\"text-align: justify;\">La compra de embarcaciones de recreo para uso privativo supone el 75% del total de ventas registradas entre enero y abril, mientras que el 25% son destinadas a uso de alquiler.<\/li>\n<\/ul>\n<p>Seguir leyendo:<a href=\"http:\/\/www.anen.es\/el-mercado-nautico-supera-los-datos-pre-covid-y-registra-un-crecimiento-del-81-en-las-matriculaciones-de-embarcaciones-de-recreo-entre-enero-y-abril\/\" target=\"_blank\" rel=\"noopener\">http:\/\/www.anen.es<\/a><\/p>\n","protected":false},"excerpt":{"rendered":"<p>&nbsp; El disfrute de una embarcaci\u00f3n como ocio seguro se dispara en Espa\u00f1a con una previsi\u00f3n sin precedentes en cuanto a m\u00e1ximos de demanda de embarcaciones de recreo para la temporada 2021. El verano 2021 se perfila como el \u201cverano &hellip; <a href=\"https:\/\/cifpn1.com\/mpesquera\/?p=1619\">Contin\u00faa leyendo <span class=\"meta-nav\">&rarr;<\/span><\/a><\/p>\n","protected":false},"author":1,"featured_media":0,"comment_status":"closed","ping_status":"closed","sticky":false,"template":"","format":"standard","meta":{"footnotes":""},"categories":[1],"tags":[],"class_list":["post-1619","post","type-post","status-publish","format-standard","hentry","category-uncategorized"],"_links":{"self":[{"href":"https:\/\/cifpn1.com\/mpesquera\/index.php?rest_route=\/wp\/v2\/posts\/1619","targetHints":{"allow":["GET"]}}],"collection":[{"href":"https:\/\/cifpn1.com\/mpesquera\/index.php?rest_route=\/wp\/v2\/posts"}],"about":[{"href":"https:\/\/cifpn1.com\/mpesquera\/index.php?rest_route=\/wp\/v2\/types\/post"}],"author":[{"embeddable":true,"href":"https:\/\/cifpn1.com\/mpesquera\/index.php?rest_route=\/wp\/v2\/users\/1"}],"replies":[{"embeddable":true,"href":"https:\/\/cifpn1.com\/mpesquera\/index.php?rest_route=%2Fwp%2Fv2%2Fcomments&post=1619"}],"version-history":[{"count":2,"href":"https:\/\/cifpn1.com\/mpesquera\/index.php?rest_route=\/wp\/v2\/posts\/1619\/revisions"}],"predecessor-version":[{"id":1621,"href":"https:\/\/cifpn1.com\/mpesquera\/index.php?rest_route=\/wp\/v2\/posts\/1619\/revisions\/1621"}],"wp:attachment":[{"href":"https:\/\/cifpn1.com\/mpesquera\/index.php?rest_route=%2Fwp%2Fv2%2Fmedia&parent=1619"}],"wp:term":[{"taxonomy":"category","embeddable":true,"href":"https:\/\/cifpn1.com\/mpesquera\/index.php?rest_route=%2Fwp%2Fv2%2Fcategories&post=1619"},{"taxonomy":"post_tag","embeddable":true,"href":"https:\/\/cifpn1.com\/mpesquera\/index.php?rest_route=%2Fwp%2Fv2%2Ftags&post=1619"}],"curies":[{"name":"wp","href":"https:\/\/api.w.org\/{rel}","templated":true}]}}