{"id":1606,"date":"2021-05-05T10:06:37","date_gmt":"2021-05-05T09:06:37","guid":{"rendered":"https:\/\/cifpn1.com\/mpesquera\/?p=1606"},"modified":"2021-05-11T11:03:34","modified_gmt":"2021-05-11T10:03:34","slug":"cfgm-mantenimiento-y-control-de-la-maquinaria-de-buques-y-embarcaciones-2020-21","status":"publish","type":"post","link":"https:\/\/cifpn1.com\/mpesquera\/?p=1606","title":{"rendered":"CFGM Mantenimiento y Control de la Maquinar\u00eda de Buques y Embarcaciones  (2020\/21)"},"content":{"rendered":"<p style=\"text-align: justify;\"><img loading=\"lazy\" decoding=\"async\" class=\"aligncenter\" src=\"https:\/\/cifpn1.com\/mpesquera\/wp-content\/uploads\/2021\/05\/Montaje-1-1.jpg\" width=\"646\" height=\"469\" \/><\/p>\n<p style=\"text-align: justify;\">Presentamos al primer curso (7\u00aa promoci\u00f3n) del <span dir=\"ltr\">Ciclo Formativo de Grado Medio <strong>T\u00e9cnico <\/strong><\/span><strong><span dir=\"ltr\">en Mantenimiento y Control de la Maquinar\u00eda de Buques y Embar<\/span><\/strong><span dir=\"ltr\"><strong>caciones<\/strong> <\/span>inmersos ya en las actividades y estudios de la 3\u00aa evaluaci\u00f3n.<\/p>\n<p style=\"text-align: justify;\">Este es el \u00fanico ciclo de F.P. de la Consejer\u00eda de Educaci\u00f3n, Cultura y Deporte de Cantabria perteneciente a la <strong>familia profesional Mar\u00edtimo-Pesquera <\/strong>que se imparte en nuestra Comunidad Aut\u00f3noma y se lleva a cabo aqu\u00ed, en el <strong>Centro Integrado de FP N\u00ba1<\/strong> de Santander. Mucha de la gente que se acerca al Centro a preguntar por la oferta educativa no sabe de su existencia. Se trata de un ciclo que abre las puertas del sector n\u00e1utico a los j\u00f3venes de esta regi\u00f3n, tradicionalmente ligada al mar y sus actividades. La demanda de empleo en mantenimiento naval e industrial hace que haya un alto porcentaje de empleabilidad del alumnado que finaliza sus estudios. Por ello, aprovechamos hoy las redes para darle visibilidad y saludar a todo aquel que lea esta entrada.<\/p>\n<p style=\"text-align: justify;\">Os animamos a informaros sobre las caracter\u00edsticas y posibilidades de este ciclo\u2026 \u00a1AVANTE, A TODA M\u00c1QUINA!<\/p>\n<p>&nbsp;<\/p>\n","protected":false},"excerpt":{"rendered":"<p>Presentamos al primer curso (7\u00aa promoci\u00f3n) del Ciclo Formativo de Grado Medio T\u00e9cnico en Mantenimiento y Control de la Maquinar\u00eda de Buques y Embarcaciones inmersos ya en las actividades y estudios de la 3\u00aa evaluaci\u00f3n. Este es el \u00fanico ciclo &hellip; <a href=\"https:\/\/cifpn1.com\/mpesquera\/?p=1606\">Contin\u00faa leyendo <span class=\"meta-nav\">&rarr;<\/span><\/a><\/p>\n","protected":false},"author":1,"featured_media":0,"comment_status":"closed","ping_status":"closed","sticky":false,"template":"","format":"standard","meta":{"footnotes":""},"categories":[1],"tags":[],"class_list":["post-1606","post","type-post","status-publish","format-standard","hentry","category-uncategorized"],"_links":{"self":[{"href":"https:\/\/cifpn1.com\/mpesquera\/index.php?rest_route=\/wp\/v2\/posts\/1606","targetHints":{"allow":["GET"]}}],"collection":[{"href":"https:\/\/cifpn1.com\/mpesquera\/index.php?rest_route=\/wp\/v2\/posts"}],"about":[{"href":"https:\/\/cifpn1.com\/mpesquera\/index.php?rest_route=\/wp\/v2\/types\/post"}],"author":[{"embeddable":true,"href":"https:\/\/cifpn1.com\/mpesquera\/index.php?rest_route=\/wp\/v2\/users\/1"}],"replies":[{"embeddable":true,"href":"https:\/\/cifpn1.com\/mpesquera\/index.php?rest_route=%2Fwp%2Fv2%2Fcomments&post=1606"}],"version-history":[{"count":5,"href":"https:\/\/cifpn1.com\/mpesquera\/index.php?rest_route=\/wp\/v2\/posts\/1606\/revisions"}],"predecessor-version":[{"id":1617,"href":"https:\/\/cifpn1.com\/mpesquera\/index.php?rest_route=\/wp\/v2\/posts\/1606\/revisions\/1617"}],"wp:attachment":[{"href":"https:\/\/cifpn1.com\/mpesquera\/index.php?rest_route=%2Fwp%2Fv2%2Fmedia&parent=1606"}],"wp:term":[{"taxonomy":"category","embeddable":true,"href":"https:\/\/cifpn1.com\/mpesquera\/index.php?rest_route=%2Fwp%2Fv2%2Fcategories&post=1606"},{"taxonomy":"post_tag","embeddable":true,"href":"https:\/\/cifpn1.com\/mpesquera\/index.php?rest_route=%2Fwp%2Fv2%2Ftags&post=1606"}],"curies":[{"name":"wp","href":"https:\/\/api.w.org\/{rel}","templated":true}]}}