{"id":1601,"date":"2021-04-28T12:39:28","date_gmt":"2021-04-28T11:39:28","guid":{"rendered":"https:\/\/cifpn1.com\/mpesquera\/?p=1601"},"modified":"2021-04-28T12:39:55","modified_gmt":"2021-04-28T11:39:55","slug":"eurocamara-pide-que-la-ue-se-desprenda-del-co2-del-sector-maritimo-para-2050","status":"publish","type":"post","link":"https:\/\/cifpn1.com\/mpesquera\/?p=1601","title":{"rendered":"Euroc\u00e1mara pide que la UE se desprenda del CO2 del sector mar\u00edtimo para 2050"},"content":{"rendered":"<p><img loading=\"lazy\" decoding=\"async\" class=\"aligncenter\" src=\"https:\/\/estaticos.efe.com\/efecom\/recursos2\/imagen.aspx?-P-2fL4Jfo8HOMgymhlmVN2B6sgyPd8qmZe8Q4TncnkXVSTX-P-2bAoG0sxzXPZPAk5l-P-2fU5Uwpaakinp22R3iVIddV9NJw-P-3d-P-3d\" alt=\"Euroc\u00e1mara pide que la UE se desprenda del CO2 del sector mar\u00edtimo para 2050\" width=\"533\" height=\"333\" \/><\/p>\n<div id=\"div_texto\" data-gtm-vis-first-on-screen-10811847_38=\"1816\" data-gtm-vis-total-visible-time-10811847_38=\"100\" data-gtm-vis-has-fired-10811847_38=\"1\" data-gtm-vis-first-on-screen-10811847_10=\"4221\" data-gtm-vis-total-visible-time-10811847_10=\"4000\" data-gtm-vis-recent-on-screen-10811847_10=\"173131\" data-gtm-vis-has-fired-10811847_10=\"1\">\n<p style=\"text-align: justify;\">El Parlamento Europeo (PE) reclam\u00f3 en una resoluci\u00f3n sin car\u00e1cter vinculante que la Uni\u00f3n Europea reduzca el 40 % en las emisiones del transporte mar\u00edtimo para 2030 y se desprenda del CO2 de este sector para 2050, v\u00eda por la que entran el 90 % de las importaciones de la UE.<\/p>\n<p style=\"text-align: justify;\">\u00abEs necesario limitar y regular las emisiones del transporte mar\u00edtimo, y no solo es necesario regular las emisiones de CO2, sino tambi\u00e9n las emisiones de azufre, metano, \u00f3xido de nitr\u00f3geno y part\u00edculas\u00bb, se\u00f1alaron los eurodiputados en una resoluci\u00f3n aprobada anoche por 453 votos contra 92 y 154 abstenciones y de la que inform\u00f3 este mi\u00e9rcoles el Parlamento Europeo en un comunicado. Seguir:<a href=\"https:\/\/www.efe.com\/efe\/espana\/sociedad\/eurocamara-pide-que-la-ue-se-desprenda-del-co2-sector-maritimo-para-2050\/10004-4523062\" target=\"_blank\" rel=\"noopener\">https:\/\/www.efe.com<\/a><\/p>\n<\/div>\n","protected":false},"excerpt":{"rendered":"<p>El Parlamento Europeo (PE) reclam\u00f3 en una resoluci\u00f3n sin car\u00e1cter vinculante que la Uni\u00f3n Europea reduzca el 40 % en las emisiones del transporte mar\u00edtimo para 2030 y se desprenda del CO2 de este sector para 2050, v\u00eda por la &hellip; <a href=\"https:\/\/cifpn1.com\/mpesquera\/?p=1601\">Contin\u00faa leyendo <span class=\"meta-nav\">&rarr;<\/span><\/a><\/p>\n","protected":false},"author":1,"featured_media":0,"comment_status":"closed","ping_status":"closed","sticky":false,"template":"","format":"standard","meta":{"footnotes":""},"categories":[1],"tags":[],"class_list":["post-1601","post","type-post","status-publish","format-standard","hentry","category-uncategorized"],"_links":{"self":[{"href":"https:\/\/cifpn1.com\/mpesquera\/index.php?rest_route=\/wp\/v2\/posts\/1601","targetHints":{"allow":["GET"]}}],"collection":[{"href":"https:\/\/cifpn1.com\/mpesquera\/index.php?rest_route=\/wp\/v2\/posts"}],"about":[{"href":"https:\/\/cifpn1.com\/mpesquera\/index.php?rest_route=\/wp\/v2\/types\/post"}],"author":[{"embeddable":true,"href":"https:\/\/cifpn1.com\/mpesquera\/index.php?rest_route=\/wp\/v2\/users\/1"}],"replies":[{"embeddable":true,"href":"https:\/\/cifpn1.com\/mpesquera\/index.php?rest_route=%2Fwp%2Fv2%2Fcomments&post=1601"}],"version-history":[{"count":1,"href":"https:\/\/cifpn1.com\/mpesquera\/index.php?rest_route=\/wp\/v2\/posts\/1601\/revisions"}],"predecessor-version":[{"id":1602,"href":"https:\/\/cifpn1.com\/mpesquera\/index.php?rest_route=\/wp\/v2\/posts\/1601\/revisions\/1602"}],"wp:attachment":[{"href":"https:\/\/cifpn1.com\/mpesquera\/index.php?rest_route=%2Fwp%2Fv2%2Fmedia&parent=1601"}],"wp:term":[{"taxonomy":"category","embeddable":true,"href":"https:\/\/cifpn1.com\/mpesquera\/index.php?rest_route=%2Fwp%2Fv2%2Fcategories&post=1601"},{"taxonomy":"post_tag","embeddable":true,"href":"https:\/\/cifpn1.com\/mpesquera\/index.php?rest_route=%2Fwp%2Fv2%2Ftags&post=1601"}],"curies":[{"name":"wp","href":"https:\/\/api.w.org\/{rel}","templated":true}]}}