{"id":1413,"date":"2020-11-18T10:48:27","date_gmt":"2020-11-18T09:48:27","guid":{"rendered":"https:\/\/cifpn1.com\/mpesquera\/?p=1413"},"modified":"2020-11-18T10:48:27","modified_gmt":"2020-11-18T09:48:27","slug":"juan-de-la-cosa-biografia","status":"publish","type":"post","link":"https:\/\/cifpn1.com\/mpesquera\/?p=1413","title":{"rendered":"Juan  de la  Cosa. Biograf\u00eda"},"content":{"rendered":"<p><img decoding=\"async\" class=\"aligncenter\" src=\"https:\/\/static.wixstatic.com\/media\/c841ad_35b5b6942af44247be8878dda81be93c~mv2.jpg\/v1\/fill\/w_275,h_259,al_c,q_80,usm_0.66_1.00_0.01\/cosa_juan.jpg\" alt=\"cosa_juan.jpg\" \/><\/p>\n<div id=\"comp-jucppstw\" data-testid=\"richTextElement\">\n<p style=\"text-align: justify;\">Juan de la Cosa\u00a0(\u00bfSanto\u00f1a?, Cantabria,\u00a0Espa\u00f1a; \u00bfentre 1450 y 1460? &#8211; Turbaco, Colombia; 28 de febrero de 1510) fue un navegante y cart\u00f3grafo espa\u00f1ol conocido por haber participado en siete de los primeros viajes a Am\u00e9rica y por haber dibujado el mapa m\u00e1s antiguo conservado en el que aparece el continente americano.<br \/>\nDe la Cosa tuvo un papel destacado en el primer y el segundo viaje de Crist\u00f3bal Col\u00f3n a las Antillas y en 1499 particip\u00f3 como piloto mayor en la expedici\u00f3n de Alonso de Ojeda a las costas del continente sudamericano. A su regreso a Andaluc\u00eda dibuj\u00f3 su famoso mapamundi y poco despu\u00e9s volvi\u00f3 a embarcarse hacia las Indias, esta vez con Rodrigo de Bastidas. En los a\u00f1os siguientes altern\u00f3 viajes a Am\u00e9rica bajo su propio mando con encargos especiales de la Corona, incluyendo una misi\u00f3n como esp\u00eda en Lisboa y la participaci\u00f3n en la Junta de pilotos de Burgos de 1508. En 1509 emprendi\u00f3 la que ser\u00eda su \u00faltima expedici\u00f3n, de nuevo junto a Ojeda, para tomar posesi\u00f3n de las costas de la actual Colombia. La Cosa muri\u00f3 en un enfrentamiento armado con ind\u00edgenas antes de poder llegar a ejercer su cargo de alguacil mayor de Urab\u00e1. Seguir leyendo: <a href=\"https:\/\/www.juandelacosa.es\/biografa\" target=\"_blank\" rel=\"noopener noreferrer\">https:\/\/www.juandelacosa.es<\/a><\/p>\n<\/div>\n","protected":false},"excerpt":{"rendered":"<p>Juan de la Cosa\u00a0(\u00bfSanto\u00f1a?, Cantabria,\u00a0Espa\u00f1a; \u00bfentre 1450 y 1460? &#8211; Turbaco, Colombia; 28 de febrero de 1510) fue un navegante y cart\u00f3grafo espa\u00f1ol conocido por haber participado en siete de los primeros viajes a Am\u00e9rica y por haber dibujado el &hellip; <a href=\"https:\/\/cifpn1.com\/mpesquera\/?p=1413\">Contin\u00faa leyendo <span class=\"meta-nav\">&rarr;<\/span><\/a><\/p>\n","protected":false},"author":1,"featured_media":0,"comment_status":"closed","ping_status":"closed","sticky":false,"template":"","format":"standard","meta":{"footnotes":""},"categories":[1],"tags":[],"class_list":["post-1413","post","type-post","status-publish","format-standard","hentry","category-uncategorized"],"_links":{"self":[{"href":"https:\/\/cifpn1.com\/mpesquera\/index.php?rest_route=\/wp\/v2\/posts\/1413","targetHints":{"allow":["GET"]}}],"collection":[{"href":"https:\/\/cifpn1.com\/mpesquera\/index.php?rest_route=\/wp\/v2\/posts"}],"about":[{"href":"https:\/\/cifpn1.com\/mpesquera\/index.php?rest_route=\/wp\/v2\/types\/post"}],"author":[{"embeddable":true,"href":"https:\/\/cifpn1.com\/mpesquera\/index.php?rest_route=\/wp\/v2\/users\/1"}],"replies":[{"embeddable":true,"href":"https:\/\/cifpn1.com\/mpesquera\/index.php?rest_route=%2Fwp%2Fv2%2Fcomments&post=1413"}],"version-history":[{"count":1,"href":"https:\/\/cifpn1.com\/mpesquera\/index.php?rest_route=\/wp\/v2\/posts\/1413\/revisions"}],"predecessor-version":[{"id":1414,"href":"https:\/\/cifpn1.com\/mpesquera\/index.php?rest_route=\/wp\/v2\/posts\/1413\/revisions\/1414"}],"wp:attachment":[{"href":"https:\/\/cifpn1.com\/mpesquera\/index.php?rest_route=%2Fwp%2Fv2%2Fmedia&parent=1413"}],"wp:term":[{"taxonomy":"category","embeddable":true,"href":"https:\/\/cifpn1.com\/mpesquera\/index.php?rest_route=%2Fwp%2Fv2%2Fcategories&post=1413"},{"taxonomy":"post_tag","embeddable":true,"href":"https:\/\/cifpn1.com\/mpesquera\/index.php?rest_route=%2Fwp%2Fv2%2Ftags&post=1413"}],"curies":[{"name":"wp","href":"https:\/\/api.w.org\/{rel}","templated":true}]}}