{"id":1411,"date":"2020-11-18T10:27:29","date_gmt":"2020-11-18T09:27:29","guid":{"rendered":"https:\/\/cifpn1.com\/mpesquera\/?p=1411"},"modified":"2020-11-18T10:33:38","modified_gmt":"2020-11-18T09:33:38","slug":"la-empleabilidad-en-el-sector-maritimo","status":"publish","type":"post","link":"https:\/\/cifpn1.com\/mpesquera\/?p=1411","title":{"rendered":"La empleabilidad en el sector mar\u00edtimo"},"content":{"rendered":"<p style=\"text-align: justify;\">El sector portuario y en concreto, el transporte mar\u00edtimo de mercanc\u00edas, est\u00e1 viviendo una \u00e9poca de transformaci\u00f3n en la que necesita de talento cualificado para seguir creciendo.<\/p>\n<p style=\"text-align: justify;\">El transporte mar\u00edtimo de mercanc\u00edas es un sector estrat\u00e9gico en Espa\u00f1a en un momento que se enfrenta a m\u00faltiples retos como la digitalizaci\u00f3n, mejorar la eficiencia de su cadena de suministro o modernizar la flota. Todo ello comporta una pol\u00edtica de empleabilidad que proporcione el talento necesario. Seguir leyendo: <a href=\"https:\/\/www.randstad.es\/tendencias360\/la-empleabilidad-en-el-sector-maritimo\/\" target=\"_blank\" rel=\"noopener noreferrer\">https:\/\/www.randstad.es<\/a><\/p>\n","protected":false},"excerpt":{"rendered":"<p>El sector portuario y en concreto, el transporte mar\u00edtimo de mercanc\u00edas, est\u00e1 viviendo una \u00e9poca de transformaci\u00f3n en la que necesita de talento cualificado para seguir creciendo. El transporte mar\u00edtimo de mercanc\u00edas es un sector estrat\u00e9gico en Espa\u00f1a en un &hellip; <a href=\"https:\/\/cifpn1.com\/mpesquera\/?p=1411\">Contin\u00faa leyendo <span class=\"meta-nav\">&rarr;<\/span><\/a><\/p>\n","protected":false},"author":1,"featured_media":0,"comment_status":"closed","ping_status":"closed","sticky":false,"template":"","format":"standard","meta":{"footnotes":""},"categories":[1],"tags":[],"class_list":["post-1411","post","type-post","status-publish","format-standard","hentry","category-uncategorized"],"_links":{"self":[{"href":"https:\/\/cifpn1.com\/mpesquera\/index.php?rest_route=\/wp\/v2\/posts\/1411","targetHints":{"allow":["GET"]}}],"collection":[{"href":"https:\/\/cifpn1.com\/mpesquera\/index.php?rest_route=\/wp\/v2\/posts"}],"about":[{"href":"https:\/\/cifpn1.com\/mpesquera\/index.php?rest_route=\/wp\/v2\/types\/post"}],"author":[{"embeddable":true,"href":"https:\/\/cifpn1.com\/mpesquera\/index.php?rest_route=\/wp\/v2\/users\/1"}],"replies":[{"embeddable":true,"href":"https:\/\/cifpn1.com\/mpesquera\/index.php?rest_route=%2Fwp%2Fv2%2Fcomments&post=1411"}],"version-history":[{"count":1,"href":"https:\/\/cifpn1.com\/mpesquera\/index.php?rest_route=\/wp\/v2\/posts\/1411\/revisions"}],"predecessor-version":[{"id":1412,"href":"https:\/\/cifpn1.com\/mpesquera\/index.php?rest_route=\/wp\/v2\/posts\/1411\/revisions\/1412"}],"wp:attachment":[{"href":"https:\/\/cifpn1.com\/mpesquera\/index.php?rest_route=%2Fwp%2Fv2%2Fmedia&parent=1411"}],"wp:term":[{"taxonomy":"category","embeddable":true,"href":"https:\/\/cifpn1.com\/mpesquera\/index.php?rest_route=%2Fwp%2Fv2%2Fcategories&post=1411"},{"taxonomy":"post_tag","embeddable":true,"href":"https:\/\/cifpn1.com\/mpesquera\/index.php?rest_route=%2Fwp%2Fv2%2Ftags&post=1411"}],"curies":[{"name":"wp","href":"https:\/\/api.w.org\/{rel}","templated":true}]}}