{"id":977,"date":"2024-02-11T11:42:01","date_gmt":"2024-02-11T10:42:01","guid":{"rendered":"https:\/\/cifpn1.com\/igualdad\/?p=977"},"modified":"2024-02-12T11:06:25","modified_gmt":"2024-02-12T10:06:25","slug":"11-f-dia-internacional-de-las-mujeres-y-las-ninas-en-la-ciencia","status":"publish","type":"post","link":"https:\/\/cifpn1.com\/igualdad\/?p=977","title":{"rendered":"11 F, D\u00eda Internacional de las Mujeres y las Ni\u00f1as en la Ciencia."},"content":{"rendered":"<p style=\"text-align: justify;\">La Asamblea General de la ONU declar\u00f3 el 11 de febrero D\u00eda Internacional de las Mujeres y las Ni\u00f1as en la Ciencia en reconocimiento al papel clave que desempe\u00f1an las mujeres en la comunidad cient\u00edfica y la tecnolog\u00eda.<\/p>\n<p style=\"text-align: justify;\">En su resoluci\u00f3n del 22 de diciembre de 2015 invitaba a llevar a cabo \u00ab<em><strong>actividades de educaci\u00f3n y sensibilizaci\u00f3n p\u00fablica<\/strong> a fin de promover la participaci\u00f3n plena y en condiciones de igualdad de las mujeres y las ni\u00f1as en la educaci\u00f3n, la capacitaci\u00f3n, el empleo y los procesos de adopci\u00f3n de decisiones en la ciencia, eliminar toda forma de discriminaci\u00f3n contra la mujer, incluso en las esferas de la educaci\u00f3n y el empleo, y sortear las barreras jur\u00eddicas, econ\u00f3micas, sociales y culturales al respecto mediante, entre otras cosas, la promoci\u00f3n del establecimiento de pol\u00edticas y planes de estudio en el campo de la ciencia, incluidos programas escolares, seg\u00fan corresponda, <strong>para alentar una mayor participaci\u00f3n de las mujeres y las ni\u00f1as, promover las perspectivas de carrera de las mujeres en la ciencia y reconocer los logros de las mujeres en la ciencia<\/strong><\/em>\u00ab.<\/p>\n<p style=\"text-align: justify;\"><img decoding=\"async\" loading=\"lazy\" class=\"alignleft wp-image-982 size-medium\" src=\"https:\/\/cifpn1.com\/igualdad\/wp-content\/uploads\/2024\/02\/Captura-de-pantalla-9498-300x236.png\" alt=\"\" width=\"300\" height=\"236\" srcset=\"https:\/\/cifpn1.com\/igualdad\/wp-content\/uploads\/2024\/02\/Captura-de-pantalla-9498-300x236.png 300w, https:\/\/cifpn1.com\/igualdad\/wp-content\/uploads\/2024\/02\/Captura-de-pantalla-9498-222x175.png 222w, https:\/\/cifpn1.com\/igualdad\/wp-content\/uploads\/2024\/02\/Captura-de-pantalla-9498.png 604w\" sizes=\"(max-width: 300px) 100vw, 300px\" \/>Un a\u00f1o m\u00e1s, en el Centro Integrado de FP N\u00famero Uno, queremos divulgar el trabajo de las cient\u00edficas y mostrar referentes femeninos en la ciencia de ayer y de hoy. Durante este mes de febrero nuestro alumnado proceder\u00e1 a actualizar nuestra G-site \u00abmujeres en la ciencia\u00bb, ya que consideramos que es vital para nuestras ni\u00f1as tener referentes con las que sentirse identificadas y que puedan as\u00ed elegir su profesi\u00f3n <span style=\"color: #444444; text-align: justify;\">libre de estereotipos.<\/span><\/p>\n<p>&nbsp;<\/p>\n<p style=\"text-align: justify;\"><span style=\"color: #444444; text-align: justify;\">Damos las gracias al alumnado y al profesorado por su colaboraci\u00f3n y por todas sus aportaciones. Os invitamos a visitar la G-Site, bien a trav\u00e9s del enlace de la p\u00e1gina principal del centro, bien a trav\u00e9s de la pesta\u00f1a del blog de igualdad o escaneando el c\u00f3digo QR que podr\u00e9is encontrar en el cartel de la exposici\u00f3n.\u00a0<\/span><\/p>\n<p><img decoding=\"async\" loading=\"lazy\" class=\"aligncenter wp-image-979 size-large\" src=\"https:\/\/cifpn1.com\/igualdad\/wp-content\/uploads\/2024\/02\/Captura-de-pantalla-9497-650x208.png\" alt=\"\" width=\"650\" height=\"208\" srcset=\"https:\/\/cifpn1.com\/igualdad\/wp-content\/uploads\/2024\/02\/Captura-de-pantalla-9497-650x208.png 650w, https:\/\/cifpn1.com\/igualdad\/wp-content\/uploads\/2024\/02\/Captura-de-pantalla-9497-300x96.png 300w, https:\/\/cifpn1.com\/igualdad\/wp-content\/uploads\/2024\/02\/Captura-de-pantalla-9497-222x71.png 222w, https:\/\/cifpn1.com\/igualdad\/wp-content\/uploads\/2024\/02\/Captura-de-pantalla-9497.png 1301w\" sizes=\"(max-width: 650px) 100vw, 650px\" \/><\/p>\n<p><img decoding=\"async\" loading=\"lazy\" class=\"aligncenter wp-image-995 size-full\" src=\"https:\/\/cifpn1.com\/igualdad\/wp-content\/uploads\/2024\/02\/cartel-todos-dptos.-DEL-11F-AL-8M_600x900.jpg\" alt=\"\" width=\"600\" height=\"900\" srcset=\"https:\/\/cifpn1.com\/igualdad\/wp-content\/uploads\/2024\/02\/cartel-todos-dptos.-DEL-11F-AL-8M_600x900.jpg 600w, https:\/\/cifpn1.com\/igualdad\/wp-content\/uploads\/2024\/02\/cartel-todos-dptos.-DEL-11F-AL-8M_600x900-200x300.jpg 200w, https:\/\/cifpn1.com\/igualdad\/wp-content\/uploads\/2024\/02\/cartel-todos-dptos.-DEL-11F-AL-8M_600x900-148x222.jpg 148w\" sizes=\"(max-width: 600px) 100vw, 600px\" \/><\/p>\n","protected":false},"excerpt":{"rendered":"<p>La Asamblea General de la ONU declar\u00f3 el 11 de febrero D\u00eda Internacional de las Mujeres y las Ni\u00f1as en la Ciencia en reconocimiento al papel clave que desempe\u00f1an las mujeres en la comunidad cient\u00edfica y la tecnolog\u00eda. En su &hellip; <a href=\"https:\/\/cifpn1.com\/igualdad\/?p=977\">Contin\u00faa leyendo <span class=\"meta-nav\">&rarr;<\/span><\/a><\/p>\n","protected":false},"author":1,"featured_media":0,"comment_status":"closed","ping_status":"closed","sticky":false,"template":"","format":"standard","meta":[],"categories":[52,4,44],"tags":[5,2,45],"_links":{"self":[{"href":"https:\/\/cifpn1.com\/igualdad\/index.php?rest_route=\/wp\/v2\/posts\/977"}],"collection":[{"href":"https:\/\/cifpn1.com\/igualdad\/index.php?rest_route=\/wp\/v2\/posts"}],"about":[{"href":"https:\/\/cifpn1.com\/igualdad\/index.php?rest_route=\/wp\/v2\/types\/post"}],"author":[{"embeddable":true,"href":"https:\/\/cifpn1.com\/igualdad\/index.php?rest_route=\/wp\/v2\/users\/1"}],"replies":[{"embeddable":true,"href":"https:\/\/cifpn1.com\/igualdad\/index.php?rest_route=%2Fwp%2Fv2%2Fcomments&post=977"}],"version-history":[{"count":5,"href":"https:\/\/cifpn1.com\/igualdad\/index.php?rest_route=\/wp\/v2\/posts\/977\/revisions"}],"predecessor-version":[{"id":996,"href":"https:\/\/cifpn1.com\/igualdad\/index.php?rest_route=\/wp\/v2\/posts\/977\/revisions\/996"}],"wp:attachment":[{"href":"https:\/\/cifpn1.com\/igualdad\/index.php?rest_route=%2Fwp%2Fv2%2Fmedia&parent=977"}],"wp:term":[{"taxonomy":"category","embeddable":true,"href":"https:\/\/cifpn1.com\/igualdad\/index.php?rest_route=%2Fwp%2Fv2%2Fcategories&post=977"},{"taxonomy":"post_tag","embeddable":true,"href":"https:\/\/cifpn1.com\/igualdad\/index.php?rest_route=%2Fwp%2Fv2%2Ftags&post=977"}],"curies":[{"name":"wp","href":"https:\/\/api.w.org\/{rel}","templated":true}]}}