{"id":738,"date":"2023-11-20T09:00:06","date_gmt":"2023-11-20T08:00:06","guid":{"rendered":"https:\/\/cifpn1.com\/igualdad\/?p=738"},"modified":"2023-11-20T09:19:10","modified_gmt":"2023-11-20T08:19:10","slug":"fotografias-premiadas-en-el-concurso","status":"publish","type":"post","link":"https:\/\/cifpn1.com\/igualdad\/?p=738","title":{"rendered":"FOTOGRAF\u00cdAS PREMIADAS EN EL CONCURSO"},"content":{"rendered":"<p>Ya tenemos las fotograf\u00edas ganadoras en cada una de las categor\u00edas. <strong>\u00a1Enhorabuena!<\/strong><\/p>\n<p style=\"text-align: justify;\">Este viernes, 24 de noviembre, habr\u00e1 una exposici\u00f3n en el hall de la entrada con todas las fotograf\u00edas presentadas y se realizar\u00e1 la entrega de premios en el sal\u00f3n de actos a las 10:15 horas.<\/p>\n<p style=\"text-align: justify;\">Muchas gracias a todas las personas que hab\u00e9is participado en el concurso y nos hab\u00e9is ayudado a visibilizar el compromiso del centro con la corresponsabilidad.<\/p>\n<p><img decoding=\"async\" loading=\"lazy\" class=\"aligncenter wp-image-739 size-large\" src=\"https:\/\/cifpn1.com\/igualdad\/wp-content\/uploads\/2023\/11\/Cartel-ganadores-concurso-alumnado-650x919.png\" alt=\"\" width=\"650\" height=\"919\" srcset=\"https:\/\/cifpn1.com\/igualdad\/wp-content\/uploads\/2023\/11\/Cartel-ganadores-concurso-alumnado-650x919.png 650w, https:\/\/cifpn1.com\/igualdad\/wp-content\/uploads\/2023\/11\/Cartel-ganadores-concurso-alumnado-212x300.png 212w, https:\/\/cifpn1.com\/igualdad\/wp-content\/uploads\/2023\/11\/Cartel-ganadores-concurso-alumnado-157x222.png 157w, https:\/\/cifpn1.com\/igualdad\/wp-content\/uploads\/2023\/11\/Cartel-ganadores-concurso-alumnado-1086x1536.png 1086w, https:\/\/cifpn1.com\/igualdad\/wp-content\/uploads\/2023\/11\/Cartel-ganadores-concurso-alumnado.png 1414w\" sizes=\"(max-width: 650px) 100vw, 650px\" \/><\/p>\n<p><img decoding=\"async\" loading=\"lazy\" class=\"aligncenter wp-image-742 size-large\" src=\"https:\/\/cifpn1.com\/igualdad\/wp-content\/uploads\/2023\/11\/Cartel-ganadores-concurso-profesorado-650x919.png\" alt=\"\" width=\"650\" height=\"919\" srcset=\"https:\/\/cifpn1.com\/igualdad\/wp-content\/uploads\/2023\/11\/Cartel-ganadores-concurso-profesorado-650x919.png 650w, https:\/\/cifpn1.com\/igualdad\/wp-content\/uploads\/2023\/11\/Cartel-ganadores-concurso-profesorado-212x300.png 212w, https:\/\/cifpn1.com\/igualdad\/wp-content\/uploads\/2023\/11\/Cartel-ganadores-concurso-profesorado-157x222.png 157w, https:\/\/cifpn1.com\/igualdad\/wp-content\/uploads\/2023\/11\/Cartel-ganadores-concurso-profesorado-1086x1536.png 1086w, https:\/\/cifpn1.com\/igualdad\/wp-content\/uploads\/2023\/11\/Cartel-ganadores-concurso-profesorado.png 1414w\" sizes=\"(max-width: 650px) 100vw, 650px\" \/><\/p>\n","protected":false},"excerpt":{"rendered":"<p>Ya tenemos las fotograf\u00edas ganadoras en cada una de las categor\u00edas. \u00a1Enhorabuena! Este viernes, 24 de noviembre, habr\u00e1 una exposici\u00f3n en el hall de la entrada con todas las fotograf\u00edas presentadas y se realizar\u00e1 la entrega de premios en el &hellip; <a href=\"https:\/\/cifpn1.com\/igualdad\/?p=738\">Contin\u00faa leyendo <span class=\"meta-nav\">&rarr;<\/span><\/a><\/p>\n","protected":false},"author":1,"featured_media":0,"comment_status":"closed","ping_status":"closed","sticky":false,"template":"","format":"standard","meta":[],"categories":[34,4,36],"tags":[14,2,13],"_links":{"self":[{"href":"https:\/\/cifpn1.com\/igualdad\/index.php?rest_route=\/wp\/v2\/posts\/738"}],"collection":[{"href":"https:\/\/cifpn1.com\/igualdad\/index.php?rest_route=\/wp\/v2\/posts"}],"about":[{"href":"https:\/\/cifpn1.com\/igualdad\/index.php?rest_route=\/wp\/v2\/types\/post"}],"author":[{"embeddable":true,"href":"https:\/\/cifpn1.com\/igualdad\/index.php?rest_route=\/wp\/v2\/users\/1"}],"replies":[{"embeddable":true,"href":"https:\/\/cifpn1.com\/igualdad\/index.php?rest_route=%2Fwp%2Fv2%2Fcomments&post=738"}],"version-history":[{"count":4,"href":"https:\/\/cifpn1.com\/igualdad\/index.php?rest_route=\/wp\/v2\/posts\/738\/revisions"}],"predecessor-version":[{"id":745,"href":"https:\/\/cifpn1.com\/igualdad\/index.php?rest_route=\/wp\/v2\/posts\/738\/revisions\/745"}],"wp:attachment":[{"href":"https:\/\/cifpn1.com\/igualdad\/index.php?rest_route=%2Fwp%2Fv2%2Fmedia&parent=738"}],"wp:term":[{"taxonomy":"category","embeddable":true,"href":"https:\/\/cifpn1.com\/igualdad\/index.php?rest_route=%2Fwp%2Fv2%2Fcategories&post=738"},{"taxonomy":"post_tag","embeddable":true,"href":"https:\/\/cifpn1.com\/igualdad\/index.php?rest_route=%2Fwp%2Fv2%2Ftags&post=738"}],"curies":[{"name":"wp","href":"https:\/\/api.w.org\/{rel}","templated":true}]}}