{"id":639,"date":"2023-09-23T09:12:22","date_gmt":"2023-09-23T08:12:22","guid":{"rendered":"https:\/\/cifpn1.com\/igualdad\/?p=639"},"modified":"2023-11-06T09:50:54","modified_gmt":"2023-11-06T08:50:54","slug":"23-de-septiembre-dia-internacional-contra-la-explotacion-sexual-y-la-trata-de-personas","status":"publish","type":"post","link":"https:\/\/cifpn1.com\/igualdad\/?p=639","title":{"rendered":"23 de septiembre, D\u00eda Internacional contra la explotaci\u00f3n sexual y la trata de personas."},"content":{"rendered":"<p style=\"text-align: justify;\">Hoy, 23 de septiembre, se conmemora el D\u00eda Internacional contra la Explotaci\u00f3n Sexual y el Tr\u00e1fico de Mujeres, Ni\u00f1as y Ni\u00f1os, instaurado por la Conferencia Mundial de la Coalici\u00f3n Contra el Tr\u00e1fico de Personas en coordinaci\u00f3n con la Conferencia de Mujeres que tuvo lugar en Dhaka, Bangladesh, en enero de 1999. La explotaci\u00f3n sexual es la forma m\u00e1s com\u00fan de explotaci\u00f3n que existe en la actualidad (59%), seguida del trabajo forzado (34%).<\/p>\n<p style=\"text-align: justify;\">De las 564 v\u00edctimas de explotaci\u00f3n sexual liberadas en 2022 en Espa\u00f1a por los CFSE, el 95% eran mujeres y ni\u00f1as, seg\u00fan datos del \u00faltimo informe del CITCO del Ministerio de Interior. Y, aunque pueda parecer una realidad ajena a nuestra sociedad, hasta 96 personas en riesgo de explotaci\u00f3n sexual fueron identificadas en Cantabria el pasado a\u00f1o.<\/p>\n<p style=\"text-align: justify;\">La trata de personas con fines de explotaci\u00f3n sexual es un delito que se define por el conocido como \u00abProtocolo de Palermo\u00bb como <em>el reclutamiento, transporte, transferencia, alojamiento o acogida de personas utilizando la fuerza, el enga\u00f1o o la coerci\u00f3n con el prop\u00f3sito de explotarlas sexualmente<\/em>. Esta explotaci\u00f3n puede tomar muchas formas, desde la prostituci\u00f3n forzada hasta la pornograf\u00eda y otros tipos de abuso sexual. Las v\u00edctimas de trata son sometidas a condiciones de vida inhumanas y a menudo viven en constante temor por sus vidas y la de sus seres queridos. La mayor\u00eda de estas v\u00edctimas son mujeres j\u00f3venes, muchas de las cuales son reclutadas en sus pa\u00edses de origen y tra\u00eddas a Espa\u00f1a bajo falsas promesas de empleo o una vida mejor.<\/p>\n<p style=\"text-align: justify;\">El Parlamento Europeo aprob\u00f3 este pasado 13 de septiembre el informe \u201cRegulaci\u00f3n de la prostituci\u00f3n en la Uni\u00f3n: repercusiones transfronterizas y consecuencias en la igualdad de g\u00e9nero y los derechos de las mujeres\u201d (<a href=\"https:\/\/www.europarl.europa.eu\/doceo\/document\/TA-9-2023-0328_ES.html\">acceso<\/a>)\u00a0en el que se pide medidas dirigidas a reducir la demanda persiguiendo al demandante y protegiendo a quienes se encuentran en situaci\u00f3n de prostituci\u00f3n. Se ha pronunciado a favor de promover en toda Europa una legislaci\u00f3n sobre prostituci\u00f3n de corte abolicionista que penaliza tanto a quienes se lucran con ella como a los clientes.<\/p>\n<p style=\"text-align: justify;\">El informe se\u00f1ala que la prostituci\u00f3n no es un acto individual de una persona que alquila su cuerpo por dinero, sino que se trata de un sistema organizado con fines lucrativos, un sistema intr\u00ednsecamente violento, discriminatorio y profundamente inhumano que funciona como un negocio y crea un mercado, en el que los proxenetas planifican y act\u00faan para asegurar y aumentar sus mercados y en el que los compradores de sexo desempe\u00f1an un papel fundamental para incentivarlos. Deja claro que <strong>la prostituci\u00f3n y la trata de personas con fines de explotaci\u00f3n sexual existen porque hay demanda<\/strong>; subraya que la reducci\u00f3n de la demanda constituye un instrumento esencial para la prevenci\u00f3n y la reducci\u00f3n de la trata de seres humanos, por lo que es importante desalentar la demanda.<\/p>\n<p style=\"text-align: justify;\">Uno de los principales argumentos del informe para reclamar un marco legal en la materia se basa en que la asimetr\u00eda entre las leyes nacionales europeas conduce a que m\u00e1s v\u00edctimas sean objeto de trata con fines de explotaci\u00f3n sexual y esto crea un caldo de cultivo para el crimen organizado. Para reducir la demanda de prostituci\u00f3n, pidieron a los pa\u00edses de la UE que\u00a0regulen la publicidad en l\u00ednea, dise\u00f1ada para atraer a compradores de sexo y exige la implementaci\u00f3n del llamado \u00abmodelo n\u00f3rdico\u00bb apostando as\u00ed por el modelo abolicionista.<\/p>\n<p style=\"text-align: center;\"><iframe loading=\"lazy\" title=\"YouTube video player\" src=\"\/\/www.youtube.com\/embed\/Rpdf1DFa-T8?si=P7rEKV8e-zvA7OvD\" width=\"560\" height=\"315\" frameborder=\"0\" allowfullscreen=\"allowfullscreen\"><\/iframe><\/p>\n<p style=\"text-align: justify;\">Espa\u00f1a es el primer pa\u00eds de Europa en consumo de prostituci\u00f3n y el tercero a nivel mundial, seg\u00fan datos de la ONU. De ah\u00ed que sea necesario poner el foco en la demanda ya que sin demanda no habr\u00eda trata.<\/p>\n<p><img decoding=\"async\" loading=\"lazy\" class=\"wp-image-640 size-full aligncenter\" src=\"https:\/\/cifpn1.com\/igualdad\/wp-content\/uploads\/2023\/09\/Explotacion.jpg\" alt=\"\" width=\"417\" height=\"589\" srcset=\"https:\/\/cifpn1.com\/igualdad\/wp-content\/uploads\/2023\/09\/Explotacion.jpg 417w, https:\/\/cifpn1.com\/igualdad\/wp-content\/uploads\/2023\/09\/Explotacion-212x300.jpg 212w, https:\/\/cifpn1.com\/igualdad\/wp-content\/uploads\/2023\/09\/Explotacion-157x222.jpg 157w\" sizes=\"(max-width: 417px) 100vw, 417px\" \/><\/p>\n","protected":false},"excerpt":{"rendered":"<p>Hoy, 23 de septiembre, se conmemora el D\u00eda Internacional contra la Explotaci\u00f3n Sexual y el Tr\u00e1fico de Mujeres, Ni\u00f1as y Ni\u00f1os, instaurado por la Conferencia Mundial de la Coalici\u00f3n Contra el Tr\u00e1fico de Personas en coordinaci\u00f3n con la Conferencia de &hellip; <a href=\"https:\/\/cifpn1.com\/igualdad\/?p=639\">Contin\u00faa leyendo <span class=\"meta-nav\">&rarr;<\/span><\/a><\/p>\n","protected":false},"author":1,"featured_media":0,"comment_status":"closed","ping_status":"closed","sticky":false,"template":"","format":"standard","meta":[],"categories":[4,1],"tags":[31,2],"_links":{"self":[{"href":"https:\/\/cifpn1.com\/igualdad\/index.php?rest_route=\/wp\/v2\/posts\/639"}],"collection":[{"href":"https:\/\/cifpn1.com\/igualdad\/index.php?rest_route=\/wp\/v2\/posts"}],"about":[{"href":"https:\/\/cifpn1.com\/igualdad\/index.php?rest_route=\/wp\/v2\/types\/post"}],"author":[{"embeddable":true,"href":"https:\/\/cifpn1.com\/igualdad\/index.php?rest_route=\/wp\/v2\/users\/1"}],"replies":[{"embeddable":true,"href":"https:\/\/cifpn1.com\/igualdad\/index.php?rest_route=%2Fwp%2Fv2%2Fcomments&post=639"}],"version-history":[{"count":5,"href":"https:\/\/cifpn1.com\/igualdad\/index.php?rest_route=\/wp\/v2\/posts\/639\/revisions"}],"predecessor-version":[{"id":660,"href":"https:\/\/cifpn1.com\/igualdad\/index.php?rest_route=\/wp\/v2\/posts\/639\/revisions\/660"}],"wp:attachment":[{"href":"https:\/\/cifpn1.com\/igualdad\/index.php?rest_route=%2Fwp%2Fv2%2Fmedia&parent=639"}],"wp:term":[{"taxonomy":"category","embeddable":true,"href":"https:\/\/cifpn1.com\/igualdad\/index.php?rest_route=%2Fwp%2Fv2%2Fcategories&post=639"},{"taxonomy":"post_tag","embeddable":true,"href":"https:\/\/cifpn1.com\/igualdad\/index.php?rest_route=%2Fwp%2Fv2%2Ftags&post=639"}],"curies":[{"name":"wp","href":"https:\/\/api.w.org\/{rel}","templated":true}]}}