{"id":627,"date":"2023-05-17T08:15:46","date_gmt":"2023-05-17T07:15:46","guid":{"rendered":"https:\/\/cifpn1.com\/igualdad\/?p=627"},"modified":"2023-05-20T09:56:43","modified_gmt":"2023-05-20T08:56:43","slug":"17-de-mayo-juntos-siempre-unidos-en-la-diversidad","status":"publish","type":"post","link":"https:\/\/cifpn1.com\/igualdad\/?p=627","title":{"rendered":"17 de mayo: \u00abJuntos siempre, unidos en la diversidad\u00bb"},"content":{"rendered":"<p style=\"text-align: justify;\">Bajo el lema \u201cJuntos siempre: unidos en la diversidad\u00bb se conmemora, un a\u00f1o m\u00e1s, el D\u00eda Internacional contra la Homofobia, Transfobia y Bifobia.<\/p>\n<p style=\"text-align: justify;\">Esta fecha del calendario no es arbitraria, ya que fue precisamente un 17 de mayo de 1990 cuando la Organizaci\u00f3n Mundial de la Salud decidi\u00f3 dejar de considerar la homosexualidad como una patolog\u00eda en su cat\u00e1logo de enfermedades. Sin embargo, la transexualidad tuvo que esperar casi tres d\u00e9cadas m\u00e1s, ya que no fue retirada de la Clasificaci\u00f3n Internacional de Enfermedades (CIE-11) hasta 2018.<\/p>\n<p style=\"text-align: center;\">Para que todas las personas puedan vivir libres e iguales en dignidad y derechos.<\/p>\n<p style=\"text-align: center;\"><iframe loading=\"lazy\" title=\"YouTube video player\" src=\"\/\/www.youtube.com\/embed\/EjacxK-URVQ\" width=\"560\" height=\"315\" frameborder=\"0\" allowfullscreen=\"allowfullscreen\"><\/iframe><\/p>\n","protected":false},"excerpt":{"rendered":"<p>Bajo el lema \u201cJuntos siempre: unidos en la diversidad\u00bb se conmemora, un a\u00f1o m\u00e1s, el D\u00eda Internacional contra la Homofobia, Transfobia y Bifobia. Esta fecha del calendario no es arbitraria, ya que fue precisamente un 17 de mayo de 1990 &hellip; <a href=\"https:\/\/cifpn1.com\/igualdad\/?p=627\">Contin\u00faa leyendo <span class=\"meta-nav\">&rarr;<\/span><\/a><\/p>\n","protected":false},"author":1,"featured_media":0,"comment_status":"closed","ping_status":"closed","sticky":false,"template":"","format":"standard","meta":[],"categories":[29,4],"tags":[27,28],"_links":{"self":[{"href":"https:\/\/cifpn1.com\/igualdad\/index.php?rest_route=\/wp\/v2\/posts\/627"}],"collection":[{"href":"https:\/\/cifpn1.com\/igualdad\/index.php?rest_route=\/wp\/v2\/posts"}],"about":[{"href":"https:\/\/cifpn1.com\/igualdad\/index.php?rest_route=\/wp\/v2\/types\/post"}],"author":[{"embeddable":true,"href":"https:\/\/cifpn1.com\/igualdad\/index.php?rest_route=\/wp\/v2\/users\/1"}],"replies":[{"embeddable":true,"href":"https:\/\/cifpn1.com\/igualdad\/index.php?rest_route=%2Fwp%2Fv2%2Fcomments&post=627"}],"version-history":[{"count":4,"href":"https:\/\/cifpn1.com\/igualdad\/index.php?rest_route=\/wp\/v2\/posts\/627\/revisions"}],"predecessor-version":[{"id":631,"href":"https:\/\/cifpn1.com\/igualdad\/index.php?rest_route=\/wp\/v2\/posts\/627\/revisions\/631"}],"wp:attachment":[{"href":"https:\/\/cifpn1.com\/igualdad\/index.php?rest_route=%2Fwp%2Fv2%2Fmedia&parent=627"}],"wp:term":[{"taxonomy":"category","embeddable":true,"href":"https:\/\/cifpn1.com\/igualdad\/index.php?rest_route=%2Fwp%2Fv2%2Fcategories&post=627"},{"taxonomy":"post_tag","embeddable":true,"href":"https:\/\/cifpn1.com\/igualdad\/index.php?rest_route=%2Fwp%2Fv2%2Ftags&post=627"}],"curies":[{"name":"wp","href":"https:\/\/api.w.org\/{rel}","templated":true}]}}