{"id":51,"date":"2022-05-02T09:00:00","date_gmt":"2022-05-02T08:00:00","guid":{"rendered":"https:\/\/cifpn1.com\/igualdad\/?p=51"},"modified":"2022-12-23T01:38:34","modified_gmt":"2022-12-23T00:38:34","slug":"formacion-en-igualdad-2022-sesion-1","status":"publish","type":"post","link":"https:\/\/cifpn1.com\/igualdad\/?p=51","title":{"rendered":"Formaci\u00f3n en Igualdad 2022. Sesi\u00f3n 1."},"content":{"rendered":"\r\n<h4>Conferencias en torno al tema \u00abConstruimos Conciencias: Formaci\u00f3n en Igualdad\u00bb.<\/h4>\r\n\r\n\r\n\r\n<p style=\"text-align: justify;\"><em>\u00abLa Ley de Cantabria 2\/2019, de 7 de marzo, para la Igualdad Efectiva entre Mujeres y Hombres establece, en el art\u00edculo 29.4, que la Consejer\u00eda de Educaci\u00f3n y Formaci\u00f3n Profesional, en colaboraci\u00f3n con el Organismo Responsable de Igualdad, deber\u00e1 impartir formaci\u00f3n espec\u00edfica en igualdad y perspectiva de g\u00e9nero para todo el personal docente. Esta formaci\u00f3n, a\u00f1ade, tendr\u00e1 car\u00e1cter obligatorio para los docentes.<\/em><\/p>\r\n\r\n\r\n\r\n<p style=\"text-align: justify;\"><em>Para dar cumplimiento a este mandato legal, a partir del d\u00eda 2 de mayo de 2022, se pondr\u00e1 a disposici\u00f3n de los centros educativos y de su personal docente en la web institucional www.educantabria.es, un programa formativo espec\u00edfico integrado por las siguientes ponencias:<\/em><\/p>\r\n\r\n\r\n\r\n<ol style=\"text-align: justify;\">\r\n<li><em>\u201cSituaci\u00f3n de la violencia contra las mujeres en la adolescencia en Espa\u00f1a y la Ley de Igualdad del Gobierno de Cantabria\u201d. Ponente: Mar\u00eda Jos\u00e9 D\u00edaz Aguado.<\/em><\/li>\r\n\r\n\r\n\r\n<li><em>\u201cHacia una sociedad de cuidados\u201d. Ponente: N\u00e9lida Zaitegi<\/em><\/li>\r\n\r\n\r\n\r\n<li><em>\u201cMujeres y ciencia, una asignatura pendiente\u201d. Por Marta Macho Stadler<\/em><\/li>\r\n<\/ol>\r\n\r\n\r\n\r\n<p style=\"text-align: justify;\"><em>Dado el car\u00e1cter obligatorio que antes se se\u00f1alaba, los centros docentes, en virtud de su autonom\u00eda organizativa, planificar\u00e1n y desarrollar\u00e1n las sesiones que, en funci\u00f3n de sus caracter\u00edsticas, sean necesarias para garantizar que su personal docente reciba de forma \u00edntegra esta formaci\u00f3n. Los\/as directores\/as de los centros deber\u00e1n enviar a esta Direcci\u00f3n General, a trav\u00e9s de sus inspectores\/as de referencia, certificaci\u00f3n de los asistentes acompa\u00f1ada de las correspondientes hojas de firmas&#8230;\u00bb<\/em><\/p>\r\n\r\n\r\n<hr class=\"wp-block-separator has-alpha-channel-opacity\" \/>\r\n\r\n\r\n<h2>Situaci\u00f3n de la violencia contra las mujeres en la adolescencia en Espa\u00f1a y la Ley de Igualdad del Gobierno de Cantabria<\/h2>\r\n\r\n\r\n\r\n<h4>Ponencia de Mar\u00eda Jos\u00e9 D\u00edaz-Aguado<\/h4>\r\n<h4 style=\"text-align: center;\"><iframe loading=\"lazy\" src=\"\/\/www.youtube.com\/embed\/h_zUpGY_G2g\" width=\"650\" height=\"364\" allowfullscreen=\"allowfullscreen\"><\/iframe>\u00a0<\/h4>\r\n\r\n\r\n\r\n<ul>\r\n<li><a href=\"https:\/\/docs.google.com\/document\/d\/1I79vZgVNlv7RVp4a9zIE6tRtNala4gPf_Q5EzcgCHzI\/edit?usp=sharing\" target=\"_blank\" rel=\"noreferrer noopener\">Descarga del formulario de certificaci\u00f3n de esta ponencia<\/a><br \/>Tras descargar el documento, <strong>escribe \u00fanicamente tus datos y f\u00edrmalo; nada m\u00e1s<\/strong>. Luego hazle una foto o escan\u00e9alo. Renombra el fichero como \u00abnombre y apellidos_IGUALDAD sesi\u00f3n 1\u00bb. Luego lo env\u00edas a\u00a0<a href=\"https:\/\/drive.google.com\/drive\/folders\/1CszGVk2PBNF4-1k8PGit5qbv060e4DNa?usp=sharing\" target=\"_blank\" rel=\"noreferrer noopener\">ESTA CARPETA<\/a> de Jefatura de Estudios.<\/li>\r\n\r\n\r\n\r\n<li>Recuerda que esta Formaci\u00f3n -obligatoria para todo el profesorado- requiere el visionado y certificaci\u00f3n de las tres sesiones antes del 2 de diciembre de 2022.-<\/li>\r\n<\/ul>\r\n\r\n\r\n\r\n<p style=\"text-align: center;\"><a href=\"https:\/\/cifpn1.com\/igualdad\/?p=55\">&gt;&gt;&gt; Accede a la sesi\u00f3n 2<\/a>\u00a0 \u00a0 \u00a0 \u00a0 \u00a0 \u00a0 \u00a0 \u00a0 \u00a0 \u00a0 \u00a0 \u00a0 \u00a0 \u00a0 \u00a0 \u00a0 \u00a0 \u00a0 \u00a0 \u00a0<a href=\"https:\/\/cifpn1.com\/siop\/?p=1489\">&gt;&gt;&gt; Accede a la sesi\u00f3n 3<\/a><\/p>\r\n","protected":false},"excerpt":{"rendered":"<p>Conferencias en torno al tema \u00abConstruimos Conciencias: Formaci\u00f3n en Igualdad\u00bb. \u00abLa Ley de Cantabria 2\/2019, de 7 de marzo, para la Igualdad Efectiva entre Mujeres y Hombres establece, en el art\u00edculo 29.4, que la Consejer\u00eda de Educaci\u00f3n y Formaci\u00f3n Profesional, &hellip; <a href=\"https:\/\/cifpn1.com\/igualdad\/?p=51\">Contin\u00faa leyendo <span class=\"meta-nav\">&rarr;<\/span><\/a><\/p>\n","protected":false},"author":1,"featured_media":428,"comment_status":"closed","ping_status":"open","sticky":false,"template":"","format":"standard","meta":[],"categories":[10,4],"tags":[2],"_links":{"self":[{"href":"https:\/\/cifpn1.com\/igualdad\/index.php?rest_route=\/wp\/v2\/posts\/51"}],"collection":[{"href":"https:\/\/cifpn1.com\/igualdad\/index.php?rest_route=\/wp\/v2\/posts"}],"about":[{"href":"https:\/\/cifpn1.com\/igualdad\/index.php?rest_route=\/wp\/v2\/types\/post"}],"author":[{"embeddable":true,"href":"https:\/\/cifpn1.com\/igualdad\/index.php?rest_route=\/wp\/v2\/users\/1"}],"replies":[{"embeddable":true,"href":"https:\/\/cifpn1.com\/igualdad\/index.php?rest_route=%2Fwp%2Fv2%2Fcomments&post=51"}],"version-history":[{"count":5,"href":"https:\/\/cifpn1.com\/igualdad\/index.php?rest_route=\/wp\/v2\/posts\/51\/revisions"}],"predecessor-version":[{"id":136,"href":"https:\/\/cifpn1.com\/igualdad\/index.php?rest_route=\/wp\/v2\/posts\/51\/revisions\/136"}],"wp:featuredmedia":[{"embeddable":true,"href":"https:\/\/cifpn1.com\/igualdad\/index.php?rest_route=\/wp\/v2\/media\/428"}],"wp:attachment":[{"href":"https:\/\/cifpn1.com\/igualdad\/index.php?rest_route=%2Fwp%2Fv2%2Fmedia&parent=51"}],"wp:term":[{"taxonomy":"category","embeddable":true,"href":"https:\/\/cifpn1.com\/igualdad\/index.php?rest_route=%2Fwp%2Fv2%2Fcategories&post=51"},{"taxonomy":"post_tag","embeddable":true,"href":"https:\/\/cifpn1.com\/igualdad\/index.php?rest_route=%2Fwp%2Fv2%2Ftags&post=51"}],"curies":[{"name":"wp","href":"https:\/\/api.w.org\/{rel}","templated":true}]}}