{"id":437,"date":"2023-01-13T08:15:28","date_gmt":"2023-01-13T07:15:28","guid":{"rendered":"https:\/\/cifpn1.com\/igualdad\/?p=437"},"modified":"2023-03-08T16:35:07","modified_gmt":"2023-03-08T15:35:07","slug":"jornada-formativa-para-el-profesorado-del-cifp-no-1-en-materia-de-coeducacion","status":"publish","type":"post","link":"https:\/\/cifpn1.com\/igualdad\/?p=437","title":{"rendered":"Jornada formativa para el profesorado del CIFP N\u00famero Uno en materia de coeducaci\u00f3n."},"content":{"rendered":"<p style=\"text-align: justify;\">El jueves 12 de enero pudimos contar en el centro con Ana Magallanes, experta en coeducaci\u00f3n y atenci\u00f3n psicol\u00f3gica a v\u00edctimas de violencia machista. Present\u00f3 al profesorado \u201cCreando Conciencia\u201d, un taller ameno con el que aprender a educar en igualdad y prevenir todo tipo de violencias machista desde un posicionamiento cr\u00edtico y consciente.<\/p>\n<p style=\"text-align: justify;\">Ana Magallanes es licenciada en Pedagog\u00eda, experta en Prevenci\u00f3n de Violencia de G\u00e9nero y Tratamiento Psicol\u00f3gico a las V\u00edctimas y experta en Psicoterapia Emocional. Asimismo, tiene un m\u00e1ster en Psicolog\u00eda, Educaci\u00f3n y Desarrollo, especialidad en intervenci\u00f3n psicol\u00f3gica en situaciones de riesgo. Lleva m\u00e1s de veinte a\u00f1os trabajando la coeducaci\u00f3n en el aula, creando contenidos did\u00e1cticos coeducativos y formando a profesorado y familias. En su experiencia profesional destaca su trabajo en prisi\u00f3n con hombres con delitos relacionados con la violencia de g\u00e9nero, su experiencia en casas de acogida con mujeres maltratadas y su trabajo en terapia con hijos de maltratadores, que reproducen los comportamientos aprendidos, para prevenir que se conviertan en futuros maltratadores.<\/p>\n<p style=\"text-align: justify;\">En la charla se abord\u00f3 la necesidad de crear conciencia de g\u00e9nero y erradicar el machismo como algo ineludible en todos los \u00e1mbitos de la sociedad. La intenci\u00f3n es que, a trav\u00e9s de la coeducaci\u00f3n, se aborden con el alumnado los valores de respeto y tolerancia y el rechazo a la violencia con el objetivo de conseguir una sociedad m\u00e1s igualitaria.<\/p>\n<p style=\"text-align: justify;\"><div id=\"metaslider-id-441\" style=\"width: 100%;\" class=\"ml-slider-3-108-0 metaslider metaslider-flex metaslider-441 ml-slider has-dots-nav ms-theme-default\" role=\"region\" aria-label=\"Formaci\u00f3n Ana Magallanes\" data-height=\"360\" data-width=\"640\">\n    <div id=\"metaslider_container_441\">\n        <div id=\"metaslider_441\">\n            <ul class='slides'>\n                <li style=\"display: block; width: 100%;\" class=\"slide-454 ms-image \" aria-roledescription=\"slide\" data-date=\"2023-01-18 10:23:06\" data-filename=\"Foto-10-2-640x360.jpeg\" data-slide-type=\"image\"><img src=\"https:\/\/cifpn1.com\/igualdad\/wp-content\/uploads\/2023\/01\/Foto-10-2-640x360.jpeg\" height=\"360\" width=\"640\" alt=\"\" class=\"slider-441 slide-454 msDefaultImage\" title=\"Foto 10\" \/><\/li>\n                <li style=\"display: none; width: 100%;\" class=\"slide-455 ms-image \" aria-roledescription=\"slide\" data-date=\"2023-01-18 10:23:14\" data-filename=\"foto-8-scaled-640x360.jpg\" data-slide-type=\"image\"><img src=\"https:\/\/cifpn1.com\/igualdad\/wp-content\/uploads\/2023\/01\/foto-8-scaled-640x360.jpg\" height=\"360\" width=\"640\" alt=\"\" class=\"slider-441 slide-455 msDefaultImage\" title=\"foto 8\" \/><\/li>\n                <li style=\"display: none; width: 100%;\" class=\"slide-456 ms-image \" aria-roledescription=\"slide\" data-date=\"2023-01-18 10:23:23\" data-filename=\"foto-6-scaled-640x360.jpg\" data-slide-type=\"image\"><img src=\"https:\/\/cifpn1.com\/igualdad\/wp-content\/uploads\/2023\/01\/foto-6-scaled-640x360.jpg\" height=\"360\" width=\"640\" alt=\"\" class=\"slider-441 slide-456 msDefaultImage\" title=\"foto 6\" \/><\/li>\n                <li style=\"display: none; width: 100%;\" class=\"slide-457 ms-image \" aria-roledescription=\"slide\" data-date=\"2023-01-18 10:23:36\" data-filename=\"foto-5-640x360.jpg\" data-slide-type=\"image\"><img src=\"https:\/\/cifpn1.com\/igualdad\/wp-content\/uploads\/2023\/01\/foto-5-640x360.jpg\" height=\"360\" width=\"640\" alt=\"\" class=\"slider-441 slide-457 msDefaultImage\" title=\"foto 5\" \/><\/li>\n                <li style=\"display: none; width: 100%;\" class=\"slide-458 ms-image \" aria-roledescription=\"slide\" data-date=\"2023-01-18 10:23:43\" data-filename=\"foto-4-640x360.jpg\" data-slide-type=\"image\"><img src=\"https:\/\/cifpn1.com\/igualdad\/wp-content\/uploads\/2023\/01\/foto-4-640x360.jpg\" height=\"360\" width=\"640\" alt=\"\" class=\"slider-441 slide-458 msDefaultImage\" title=\"foto 4\" \/><\/li>\n                <li style=\"display: none; width: 100%;\" class=\"slide-459 ms-image \" aria-roledescription=\"slide\" data-date=\"2023-01-18 10:23:49\" data-filename=\"foto-3-640x360.jpg\" data-slide-type=\"image\"><img src=\"https:\/\/cifpn1.com\/igualdad\/wp-content\/uploads\/2023\/01\/foto-3-640x360.jpg\" height=\"360\" width=\"640\" alt=\"\" class=\"slider-441 slide-459 msDefaultImage\" title=\"foto 3\" \/><\/li>\n                <li style=\"display: none; width: 100%;\" class=\"slide-460 ms-image \" aria-roledescription=\"slide\" data-date=\"2023-01-18 10:23:55\" data-filename=\"foto-2-640x360.jpg\" data-slide-type=\"image\"><img src=\"https:\/\/cifpn1.com\/igualdad\/wp-content\/uploads\/2023\/01\/foto-2-640x360.jpg\" height=\"360\" width=\"640\" alt=\"\" class=\"slider-441 slide-460 msDefaultImage\" title=\"foto 2\" \/><\/li>\n                <li style=\"display: none; width: 100%;\" class=\"slide-461 ms-image \" aria-roledescription=\"slide\" data-date=\"2023-01-18 10:23:59\" data-filename=\"foto-1-640x360.jpg\" data-slide-type=\"image\"><img src=\"https:\/\/cifpn1.com\/igualdad\/wp-content\/uploads\/2023\/01\/foto-1-640x360.jpg\" height=\"360\" width=\"640\" alt=\"\" class=\"slider-441 slide-461 msDefaultImage\" title=\"foto 1\" \/><\/li>\n            <\/ul>\n        <\/div>\n        \n    <\/div>\n<\/div><\/p>\n<p>&nbsp;<\/p>\n","protected":false},"excerpt":{"rendered":"<p>El jueves 12 de enero pudimos contar en el centro con Ana Magallanes, experta en coeducaci\u00f3n y atenci\u00f3n psicol\u00f3gica a v\u00edctimas de violencia machista. Present\u00f3 al profesorado \u201cCreando Conciencia\u201d, un taller ameno con el que aprender a educar en igualdad &hellip; <a href=\"https:\/\/cifpn1.com\/igualdad\/?p=437\">Contin\u00faa leyendo <span class=\"meta-nav\">&rarr;<\/span><\/a><\/p>\n","protected":false},"author":1,"featured_media":0,"comment_status":"closed","ping_status":"closed","sticky":false,"template":"","format":"standard","meta":[],"categories":[9,10,4],"tags":[11,2],"_links":{"self":[{"href":"https:\/\/cifpn1.com\/igualdad\/index.php?rest_route=\/wp\/v2\/posts\/437"}],"collection":[{"href":"https:\/\/cifpn1.com\/igualdad\/index.php?rest_route=\/wp\/v2\/posts"}],"about":[{"href":"https:\/\/cifpn1.com\/igualdad\/index.php?rest_route=\/wp\/v2\/types\/post"}],"author":[{"embeddable":true,"href":"https:\/\/cifpn1.com\/igualdad\/index.php?rest_route=\/wp\/v2\/users\/1"}],"replies":[{"embeddable":true,"href":"https:\/\/cifpn1.com\/igualdad\/index.php?rest_route=%2Fwp%2Fv2%2Fcomments&post=437"}],"version-history":[{"count":5,"href":"https:\/\/cifpn1.com\/igualdad\/index.php?rest_route=\/wp\/v2\/posts\/437\/revisions"}],"predecessor-version":[{"id":572,"href":"https:\/\/cifpn1.com\/igualdad\/index.php?rest_route=\/wp\/v2\/posts\/437\/revisions\/572"}],"wp:attachment":[{"href":"https:\/\/cifpn1.com\/igualdad\/index.php?rest_route=%2Fwp%2Fv2%2Fmedia&parent=437"}],"wp:term":[{"taxonomy":"category","embeddable":true,"href":"https:\/\/cifpn1.com\/igualdad\/index.php?rest_route=%2Fwp%2Fv2%2Fcategories&post=437"},{"taxonomy":"post_tag","embeddable":true,"href":"https:\/\/cifpn1.com\/igualdad\/index.php?rest_route=%2Fwp%2Fv2%2Ftags&post=437"}],"curies":[{"name":"wp","href":"https:\/\/api.w.org\/{rel}","templated":true}]}}