{"id":1536,"date":"2026-03-09T20:29:00","date_gmt":"2026-03-09T19:29:00","guid":{"rendered":"https:\/\/cifpn1.com\/igualdad\/?p=1536"},"modified":"2026-03-11T10:17:13","modified_gmt":"2026-03-11T09:17:13","slug":"iv-desayuno-8m-igualdad-de-oportunidades-para-el-alumnado-migrante-2","status":"publish","type":"post","link":"https:\/\/cifpn1.com\/igualdad\/?p=1536","title":{"rendered":"IV Desayuno 8M \u00abIgualdad de oportunidades para el alumnado migrante\u00bb"},"content":{"rendered":"<div id=\"metaslider-id-1548\" style=\"width: 100%;\" class=\"ml-slider-3-108-0 metaslider metaslider-flex metaslider-1548 ml-slider has-onhover-arrows has-dots-nav ms-theme-default-base\" role=\"region\" aria-label=\"IV Desayuno 8 M\" data-height=\"360\" data-width=\"640\">\n    <div id=\"metaslider_container_1548\">\n        <div id=\"metaslider_1548\">\n            <ul aria-live='off' class='slides'>\n                <li style=\"display: block; width: 100%;\" class=\"slide-1549 ms-image \" aria-roledescription=\"slide\" data-date=\"2026-03-10 11:24:19\" data-filename=\"1-640x360.jpg\" data-slide-type=\"image\"><img src=\"https:\/\/cifpn1.com\/igualdad\/wp-content\/uploads\/2026\/03\/1-640x360.jpg\" height=\"360\" width=\"640\" alt=\"\" class=\"slider-1548 slide-1549 msDefaultImage\" title=\"1\" \/><\/li>\n                <li style=\"display: none; width: 100%;\" class=\"slide-1550 ms-image \" aria-roledescription=\"slide\" data-date=\"2026-03-10 11:24:53\" data-filename=\"20260309_105444-640x360.jpg\" data-slide-type=\"image\"><img src=\"https:\/\/cifpn1.com\/igualdad\/wp-content\/uploads\/2026\/03\/20260309_105444-640x360.jpg\" height=\"360\" width=\"640\" alt=\"\" class=\"slider-1548 slide-1550 msDefaultImage\" title=\"20260309_105444\" \/><\/li>\n                <li style=\"display: none; width: 100%;\" class=\"slide-1551 ms-image \" aria-roledescription=\"slide\" data-date=\"2026-03-10 11:25:15\" data-filename=\"20260309_104524-scaled-640x360.jpg\" data-slide-type=\"image\"><img src=\"https:\/\/cifpn1.com\/igualdad\/wp-content\/uploads\/2026\/03\/20260309_104524-scaled-640x360.jpg\" height=\"360\" width=\"640\" alt=\"\" class=\"slider-1548 slide-1551 msDefaultImage\" title=\"20260309_104524\" \/><\/li>\n                <li style=\"display: none; width: 100%;\" class=\"slide-1552 ms-image \" aria-roledescription=\"slide\" data-date=\"2026-03-10 11:25:33\" data-filename=\"Screenshot_20260309-151738_Gallery-640x360.jpg\" data-slide-type=\"image\"><img src=\"https:\/\/cifpn1.com\/igualdad\/wp-content\/uploads\/2026\/03\/Screenshot_20260309-151738_Gallery-640x360.jpg\" height=\"360\" width=\"640\" alt=\"\" class=\"slider-1548 slide-1552 msDefaultImage\" title=\"Screenshot_20260309-151738_Gallery\" \/><\/li>\n                <li style=\"display: none; width: 100%;\" class=\"slide-1553 ms-image \" aria-roledescription=\"slide\" data-date=\"2026-03-10 11:25:49\" data-filename=\"20260309_105509-scaled-640x360.jpg\" data-slide-type=\"image\"><img src=\"https:\/\/cifpn1.com\/igualdad\/wp-content\/uploads\/2026\/03\/20260309_105509-scaled-640x360.jpg\" height=\"360\" width=\"640\" alt=\"\" class=\"slider-1548 slide-1553 msDefaultImage\" title=\"20260309_105509\" \/><\/li>\n                <li style=\"display: none; width: 100%;\" class=\"slide-1554 ms-image \" aria-roledescription=\"slide\" data-date=\"2026-03-10 11:26:00\" data-filename=\"20260309_094159-scaled-640x360.jpg\" data-slide-type=\"image\"><img src=\"https:\/\/cifpn1.com\/igualdad\/wp-content\/uploads\/2026\/03\/20260309_094159-scaled-640x360.jpg\" height=\"360\" width=\"640\" alt=\"\" class=\"slider-1548 slide-1554 msDefaultImage\" title=\"20260309_094159\" \/><\/li>\n                <li style=\"display: none; width: 100%;\" class=\"slide-1555 ms-image \" aria-roledescription=\"slide\" data-date=\"2026-03-10 11:26:20\" data-filename=\"20260309_105458-scaled-640x360.jpg\" data-slide-type=\"image\"><img src=\"https:\/\/cifpn1.com\/igualdad\/wp-content\/uploads\/2026\/03\/20260309_105458-scaled-640x360.jpg\" height=\"360\" width=\"640\" alt=\"\" class=\"slider-1548 slide-1555 msDefaultImage\" title=\"20260309_105458\" \/><\/li>\n                <li style=\"display: none; width: 100%;\" class=\"slide-1556 ms-image \" aria-roledescription=\"slide\" data-date=\"2026-03-10 11:26:39\" data-filename=\"IMG-20260309-WA0003-640x360.jpg\" data-slide-type=\"image\"><img src=\"https:\/\/cifpn1.com\/igualdad\/wp-content\/uploads\/2026\/03\/IMG-20260309-WA0003-640x360.jpg\" height=\"360\" width=\"640\" alt=\"\" class=\"slider-1548 slide-1556 msDefaultImage\" title=\"IMG-20260309-WA0003\" \/><\/li>\n            <\/ul>\n        <\/div>\n        \n    <\/div>\n<\/div>\n<p style=\"text-align: justify;\">Ayer celebramos el IV Desayuno 8M, un espacio que este a\u00f1o dedicamos a reflexionar sobre la igualdad de oportunidades para el alumnado migrante.<\/p>\n<p style=\"text-align: justify;\">La mesa redonda reuni\u00f3 a profesionales de distintas administraciones educativas, laborales y de extranjer\u00eda, as\u00ed como a representantes de entidades sociales y a alumnado de nuestro centro. La combinaci\u00f3n de miradas, experiencias y \u00e1mbitos de trabajo hizo que el encuentro resultara especialmente rico y clarificador.<\/p>\n<p style=\"text-align: justify;\">La diversidad de nuestro centro exige respuestas coordinadas y una comprensi\u00f3n real de las dificultades a las que se enfrentan muchas personas cuando llegan a nuestro sistema educativo. En este sentido, la participaci\u00f3n de personas expertas de diferentes instituciones permiti\u00f3 abordar los retos desde m\u00faltiples perspectivas, compartir informaci\u00f3n actualizada y, sobre todo, generar propuestas realistas para mejorar nuestra pr\u00e1ctica diaria.<\/p>\n<p style=\"text-align: justify;\">Uno de los aspectos m\u00e1s valiosos fue que las preguntas que guiaron la conversaci\u00f3n fueron formuladas por el propio alumnado, lo que dio voz a sus inquietudes y ayud\u00f3 a orientar el di\u00e1logo hacia sus necesidades reales. Las reflexiones que surgieron sobre homologaci\u00f3n de estudios, tr\u00e1mites administrativos, documentaci\u00f3n para FEM, aprendizaje del castellano o coordinaci\u00f3n entre administraciones aportaron luz a situaciones que el alumnado vive de primera mano.<\/p>\n<p style=\"text-align: justify;\">Queremos agradecer enormemente la participaci\u00f3n de todas las personas invitadas, cuya disponibilidad y claridad contribuyeron a crear un espacio de di\u00e1logo cercano y constructivo. Tambi\u00e9n agradecemos la implicaci\u00f3n del alumnado y de todas las personas que asistieron y colaboraron en la dinamizaci\u00f3n del encuentro.<\/p>\n<p style=\"text-align: justify;\">El IV Desayuno 8M nos record\u00f3 que construir un centro verdaderamente inclusivo requiere escucha, colaboraci\u00f3n interinstitucional y una mirada compartida.<\/p>\n<p style=\"text-align: center;\"><span style=\"color: #590580; font-size: 16px;\"><strong>Gracias a todas las personas que lo hicieron posible.<\/strong><\/span><\/p>\n<p><img decoding=\"async\" loading=\"lazy\" class=\"aligncenter size-full wp-image-1519\" src=\"https:\/\/cifpn1.com\/igualdad\/wp-content\/uploads\/2026\/03\/IV-Desayuno-8M-1.jpg\" alt=\"\" width=\"800\" height=\"2000\" srcset=\"https:\/\/cifpn1.com\/igualdad\/wp-content\/uploads\/2026\/03\/IV-Desayuno-8M-1.jpg 800w, https:\/\/cifpn1.com\/igualdad\/wp-content\/uploads\/2026\/03\/IV-Desayuno-8M-1-120x300.jpg 120w, https:\/\/cifpn1.com\/igualdad\/wp-content\/uploads\/2026\/03\/IV-Desayuno-8M-1-650x1625.jpg 650w, https:\/\/cifpn1.com\/igualdad\/wp-content\/uploads\/2026\/03\/IV-Desayuno-8M-1-89x222.jpg 89w, https:\/\/cifpn1.com\/igualdad\/wp-content\/uploads\/2026\/03\/IV-Desayuno-8M-1-614x1536.jpg 614w\" sizes=\"(max-width: 800px) 100vw, 800px\" \/><\/p>\n","protected":false},"excerpt":{"rendered":"<p>Ayer celebramos el IV Desayuno 8M, un espacio que este a\u00f1o dedicamos a reflexionar sobre la igualdad de oportunidades para el alumnado migrante. La mesa redonda reuni\u00f3 a profesionales de distintas administraciones educativas, laborales y de extranjer\u00eda, as\u00ed como a &hellip; <a href=\"https:\/\/cifpn1.com\/igualdad\/?p=1536\">Contin\u00faa leyendo <span class=\"meta-nav\">&rarr;<\/span><\/a><\/p>\n","protected":false},"author":1,"featured_media":0,"comment_status":"closed","ping_status":"closed","sticky":false,"template":"","format":"standard","meta":[],"categories":[23,9,1],"tags":[3,104],"_links":{"self":[{"href":"https:\/\/cifpn1.com\/igualdad\/index.php?rest_route=\/wp\/v2\/posts\/1536"}],"collection":[{"href":"https:\/\/cifpn1.com\/igualdad\/index.php?rest_route=\/wp\/v2\/posts"}],"about":[{"href":"https:\/\/cifpn1.com\/igualdad\/index.php?rest_route=\/wp\/v2\/types\/post"}],"author":[{"embeddable":true,"href":"https:\/\/cifpn1.com\/igualdad\/index.php?rest_route=\/wp\/v2\/users\/1"}],"replies":[{"embeddable":true,"href":"https:\/\/cifpn1.com\/igualdad\/index.php?rest_route=%2Fwp%2Fv2%2Fcomments&post=1536"}],"version-history":[{"count":4,"href":"https:\/\/cifpn1.com\/igualdad\/index.php?rest_route=\/wp\/v2\/posts\/1536\/revisions"}],"predecessor-version":[{"id":1559,"href":"https:\/\/cifpn1.com\/igualdad\/index.php?rest_route=\/wp\/v2\/posts\/1536\/revisions\/1559"}],"wp:attachment":[{"href":"https:\/\/cifpn1.com\/igualdad\/index.php?rest_route=%2Fwp%2Fv2%2Fmedia&parent=1536"}],"wp:term":[{"taxonomy":"category","embeddable":true,"href":"https:\/\/cifpn1.com\/igualdad\/index.php?rest_route=%2Fwp%2Fv2%2Fcategories&post=1536"},{"taxonomy":"post_tag","embeddable":true,"href":"https:\/\/cifpn1.com\/igualdad\/index.php?rest_route=%2Fwp%2Fv2%2Ftags&post=1536"}],"curies":[{"name":"wp","href":"https:\/\/api.w.org\/{rel}","templated":true}]}}