{"id":1513,"date":"2026-03-06T14:12:32","date_gmt":"2026-03-06T13:12:32","guid":{"rendered":"https:\/\/cifpn1.com\/igualdad\/?p=1513"},"modified":"2026-03-06T18:54:37","modified_gmt":"2026-03-06T17:54:37","slug":"iv-desayuno-8m-igualdad-de-oportunidades-para-el-alumnado-migrante","status":"publish","type":"post","link":"https:\/\/cifpn1.com\/igualdad\/?p=1513","title":{"rendered":"IV Desayuno 8M: Igualdad de oportunidades para el alumnado migrante."},"content":{"rendered":"<p style=\"text-align: justify;\">El pr\u00f3ximo <strong>lunes 9 de marzo, de 9:30 a 11:00 h en el aula ATECA<\/strong>, celebraremos nuestro IV Desayuno 8M, un espacio ya consolidado en el centro para compartir, dialogar y continuar fortaleciendo la coeducaci\u00f3n como pilar de nuestra pr\u00e1ctica educativa. En esta ocasi\u00f3n, el desayuno vendr\u00e1 de la mano del catering social Incluye Cantabria \u2013 El Lambi\u00f3n.<\/p>\n<p style=\"text-align: justify;\">Este a\u00f1o, el encuentro girar\u00e1 en torno a la mesa redonda: <em>\u201cIgualdad de oportunidades para el alumnado migrante\u201d.<\/em><\/p>\n<p style=\"text-align: justify;\">En nuestro centro convivimos personas procedentes de 38 nacionalidades distintas, una diversidad que es, sin duda, una enorme riqueza. El Desayuno 8M pretende ser un momento para reflexionar colectivamente, compartir experiencias y explorar soluciones pr\u00e1cticas que mejoren nuestra respuesta educativa.<\/p>\n<p style=\"text-align: justify;\">Ser\u00e1, como siempre, un espacio de di\u00e1logo abierto, donde poder compartir inquietudes y construir propuestas que contribuyan a un centro m\u00e1s inclusivo, m\u00e1s justo y m\u00e1s acorde a la diversidad que nos caracteriza.<\/p>\n<p><span style=\"color: #993366;\"><strong>Invitamos a toda la comunidad educativa a acompa\u00f1arnos y participar activamente en este encuentro.<\/strong><\/span><\/p>\n<p>Equipo dinamizador de Bienestar y Coeducaci\u00f3n 360\u00ba<\/p>\n<p style=\"text-align: justify;\"><img decoding=\"async\" loading=\"lazy\" class=\"size-full wp-image-1519 aligncenter\" src=\"https:\/\/cifpn1.com\/igualdad\/wp-content\/uploads\/2026\/03\/IV-Desayuno-8M-1.jpg\" alt=\"\" width=\"800\" height=\"2000\" srcset=\"https:\/\/cifpn1.com\/igualdad\/wp-content\/uploads\/2026\/03\/IV-Desayuno-8M-1.jpg 800w, https:\/\/cifpn1.com\/igualdad\/wp-content\/uploads\/2026\/03\/IV-Desayuno-8M-1-120x300.jpg 120w, https:\/\/cifpn1.com\/igualdad\/wp-content\/uploads\/2026\/03\/IV-Desayuno-8M-1-650x1625.jpg 650w, https:\/\/cifpn1.com\/igualdad\/wp-content\/uploads\/2026\/03\/IV-Desayuno-8M-1-89x222.jpg 89w, https:\/\/cifpn1.com\/igualdad\/wp-content\/uploads\/2026\/03\/IV-Desayuno-8M-1-614x1536.jpg 614w\" sizes=\"(max-width: 800px) 100vw, 800px\" \/><\/p>\n<p>&nbsp;<\/p>\n","protected":false},"excerpt":{"rendered":"<p>El pr\u00f3ximo lunes 9 de marzo, de 9:30 a 11:00 h en el aula ATECA, celebraremos nuestro IV Desayuno 8M, un espacio ya consolidado en el centro para compartir, dialogar y continuar fortaleciendo la coeducaci\u00f3n como pilar de nuestra pr\u00e1ctica &hellip; <a href=\"https:\/\/cifpn1.com\/igualdad\/?p=1513\">Contin\u00faa leyendo <span class=\"meta-nav\">&rarr;<\/span><\/a><\/p>\n","protected":false},"author":1,"featured_media":0,"comment_status":"closed","ping_status":"closed","sticky":false,"template":"","format":"standard","meta":[],"categories":[23],"tags":[84],"_links":{"self":[{"href":"https:\/\/cifpn1.com\/igualdad\/index.php?rest_route=\/wp\/v2\/posts\/1513"}],"collection":[{"href":"https:\/\/cifpn1.com\/igualdad\/index.php?rest_route=\/wp\/v2\/posts"}],"about":[{"href":"https:\/\/cifpn1.com\/igualdad\/index.php?rest_route=\/wp\/v2\/types\/post"}],"author":[{"embeddable":true,"href":"https:\/\/cifpn1.com\/igualdad\/index.php?rest_route=\/wp\/v2\/users\/1"}],"replies":[{"embeddable":true,"href":"https:\/\/cifpn1.com\/igualdad\/index.php?rest_route=%2Fwp%2Fv2%2Fcomments&post=1513"}],"version-history":[{"count":5,"href":"https:\/\/cifpn1.com\/igualdad\/index.php?rest_route=\/wp\/v2\/posts\/1513\/revisions"}],"predecessor-version":[{"id":1522,"href":"https:\/\/cifpn1.com\/igualdad\/index.php?rest_route=\/wp\/v2\/posts\/1513\/revisions\/1522"}],"wp:attachment":[{"href":"https:\/\/cifpn1.com\/igualdad\/index.php?rest_route=%2Fwp%2Fv2%2Fmedia&parent=1513"}],"wp:term":[{"taxonomy":"category","embeddable":true,"href":"https:\/\/cifpn1.com\/igualdad\/index.php?rest_route=%2Fwp%2Fv2%2Fcategories&post=1513"},{"taxonomy":"post_tag","embeddable":true,"href":"https:\/\/cifpn1.com\/igualdad\/index.php?rest_route=%2Fwp%2Fv2%2Ftags&post=1513"}],"curies":[{"name":"wp","href":"https:\/\/api.w.org\/{rel}","templated":true}]}}