{"id":1511,"date":"2026-03-06T09:45:41","date_gmt":"2026-03-06T08:45:41","guid":{"rendered":"https:\/\/cifpn1.com\/igualdad\/?p=1511"},"modified":"2026-03-06T21:09:32","modified_gmt":"2026-03-06T20:09:32","slug":"construimos-conciencias-jornada-del-5-de-marzo-de-2026","status":"publish","type":"post","link":"https:\/\/cifpn1.com\/igualdad\/?p=1511","title":{"rendered":"Construimos conciencias: jornada del 5 de marzo de 2026."},"content":{"rendered":"<p style=\"text-align: justify;\">Ayer tuvimos la oportunidad de asistir a la segunda jornada \u201cConstruimos Conciencias\u201d de este curso. Un encuentro formativo organizado dentro de la programaci\u00f3n del 8M, \u00abD\u00eda Internacional de las Mujeres\u00bb, por la Unidad T\u00e9cnica de Igualdad y Coeducaci\u00f3n de Cantabria. Fue un espacio de reflexi\u00f3n, aprendizaje y puesta en com\u00fan de buenas pr\u00e1cticas en torno a la igualdad.<\/p>\n<p style=\"text-align: justify;\">Durante la jornada se presentaron dos ponencias principales, cada una centrada en un aspecto esencial para avanzar en igualdad y coeducaci\u00f3n:<\/p>\n<ol>\n<li style=\"text-align: justify;\">\u00a0\u201c<em>Cuidar no tiene g\u00e9nero<\/em>\u201d de Carmen Sarabia Cobo, decana de la Facultad de Enfermer\u00eda de la Universidad de Cantabria, que reflexion\u00f3 sobre c\u00f3mo los cuidados y las profesiones sanitarias siguen marcados por estereotipos de g\u00e9nero y la necesidad de visibilizar que los cuidados son tareas humanas y no deben recaer de forma desigual sobre las mujeres. Destac\u00f3, adem\u00e1s, la importancia de promover modelos que muestren que los cuidados pueden y deben ser asumidos por todas las personas.<\/li>\n<li style=\"text-align: justify;\">\u00a0\u201c<em>Panorama medi\u00e1tico y de Redes Sociales de las narrativas machistas: Visi\u00f3n y alternativas<\/em>\u201d a cargo de \u00d3scar Allende. El periodista analiz\u00f3 c\u00f3mo los discursos machistas contin\u00faan reproduci\u00e9ndose en medios y redes, y plante\u00f3 alternativas para contrarrestarlos desde la educaci\u00f3n y el pensamiento cr\u00edtico.<\/li>\n<\/ol>\n<p style=\"text-align: justify;\">Por \u00faltimo, centros de diferentes etapas educativas compartieron sus buenas pr\u00e1cticas. Estas experiencias demostraron que la coeducaci\u00f3n avanza cuando se construye de forma colectiva.<\/p>\n<p><img decoding=\"async\" loading=\"lazy\" class=\"aligncenter size-full wp-image-1527\" src=\"https:\/\/cifpn1.com\/igualdad\/wp-content\/uploads\/2026\/03\/Captura-de-pantalla-2026-03-06-201031.png\" alt=\"\" width=\"514\" height=\"688\" srcset=\"https:\/\/cifpn1.com\/igualdad\/wp-content\/uploads\/2026\/03\/Captura-de-pantalla-2026-03-06-201031.png 514w, https:\/\/cifpn1.com\/igualdad\/wp-content\/uploads\/2026\/03\/Captura-de-pantalla-2026-03-06-201031-224x300.png 224w, https:\/\/cifpn1.com\/igualdad\/wp-content\/uploads\/2026\/03\/Captura-de-pantalla-2026-03-06-201031-166x222.png 166w\" sizes=\"(max-width: 514px) 100vw, 514px\" \/><\/p>\n","protected":false},"excerpt":{"rendered":"<p>Ayer tuvimos la oportunidad de asistir a la segunda jornada \u201cConstruimos Conciencias\u201d de este curso. Un encuentro formativo organizado dentro de la programaci\u00f3n del 8M, \u00abD\u00eda Internacional de las Mujeres\u00bb, por la Unidad T\u00e9cnica de Igualdad y Coeducaci\u00f3n de Cantabria. &hellip; <a href=\"https:\/\/cifpn1.com\/igualdad\/?p=1511\">Contin\u00faa leyendo <span class=\"meta-nav\">&rarr;<\/span><\/a><\/p>\n","protected":false},"author":1,"featured_media":0,"comment_status":"closed","ping_status":"closed","sticky":false,"template":"","format":"standard","meta":[],"categories":[23,10,4],"tags":[84,101,102],"_links":{"self":[{"href":"https:\/\/cifpn1.com\/igualdad\/index.php?rest_route=\/wp\/v2\/posts\/1511"}],"collection":[{"href":"https:\/\/cifpn1.com\/igualdad\/index.php?rest_route=\/wp\/v2\/posts"}],"about":[{"href":"https:\/\/cifpn1.com\/igualdad\/index.php?rest_route=\/wp\/v2\/types\/post"}],"author":[{"embeddable":true,"href":"https:\/\/cifpn1.com\/igualdad\/index.php?rest_route=\/wp\/v2\/users\/1"}],"replies":[{"embeddable":true,"href":"https:\/\/cifpn1.com\/igualdad\/index.php?rest_route=%2Fwp%2Fv2%2Fcomments&post=1511"}],"version-history":[{"count":5,"href":"https:\/\/cifpn1.com\/igualdad\/index.php?rest_route=\/wp\/v2\/posts\/1511\/revisions"}],"predecessor-version":[{"id":1533,"href":"https:\/\/cifpn1.com\/igualdad\/index.php?rest_route=\/wp\/v2\/posts\/1511\/revisions\/1533"}],"wp:attachment":[{"href":"https:\/\/cifpn1.com\/igualdad\/index.php?rest_route=%2Fwp%2Fv2%2Fmedia&parent=1511"}],"wp:term":[{"taxonomy":"category","embeddable":true,"href":"https:\/\/cifpn1.com\/igualdad\/index.php?rest_route=%2Fwp%2Fv2%2Fcategories&post=1511"},{"taxonomy":"post_tag","embeddable":true,"href":"https:\/\/cifpn1.com\/igualdad\/index.php?rest_route=%2Fwp%2Fv2%2Ftags&post=1511"}],"curies":[{"name":"wp","href":"https:\/\/api.w.org\/{rel}","templated":true}]}}