{"id":1273,"date":"2024-11-28T10:44:28","date_gmt":"2024-11-28T09:44:28","guid":{"rendered":"https:\/\/cifpn1.com\/igualdad\/?p=1273"},"modified":"2024-11-28T10:47:11","modified_gmt":"2024-11-28T09:47:11","slug":"25-n-el-termometro-de-la-violencia-en-el-cifp-numero-uno","status":"publish","type":"post","link":"https:\/\/cifpn1.com\/igualdad\/?p=1273","title":{"rendered":"25 N: \u00abEl term\u00f3metro de la violencia\u00bb en el CIFP N\u00famero Uno."},"content":{"rendered":"<p style=\"text-align: center;\"><iframe loading=\"lazy\" title=\"YouTube video player\" src=\"\/\/www.youtube.com\/embed\/90U8MDPUtj0?si=hVAlPkHhoAhcyy0f\" width=\"560\" height=\"315\" frameborder=\"0\" allowfullscreen=\"allowfullscreen\"><\/iframe><\/p>\n<p style=\"text-align: justify;\">Continuamos con la actividad \u00abEl term\u00f3metro de la violencia\u00bb con la que pretendemos que el alumnado reflexione sobre las bases de unas relaciones afectivas sanas y fomentar su capacidad de an\u00e1lisis para que sean cr\u00edticas y cr\u00edticos con lo que les rodea, aprendiendo a detectar esas se\u00f1ales tempranas y a no normalizar determinados comportamientos.<\/p>\n<p><img decoding=\"async\" loading=\"lazy\" class=\"aligncenter size-full wp-image-1274\" src=\"https:\/\/cifpn1.com\/igualdad\/wp-content\/uploads\/2024\/11\/cabecera.violencia-copia.jpg\" alt=\"\" width=\"993\" height=\"262\" srcset=\"https:\/\/cifpn1.com\/igualdad\/wp-content\/uploads\/2024\/11\/cabecera.violencia-copia.jpg 993w, https:\/\/cifpn1.com\/igualdad\/wp-content\/uploads\/2024\/11\/cabecera.violencia-copia-300x79.jpg 300w, https:\/\/cifpn1.com\/igualdad\/wp-content\/uploads\/2024\/11\/cabecera.violencia-copia-650x172.jpg 650w, https:\/\/cifpn1.com\/igualdad\/wp-content\/uploads\/2024\/11\/cabecera.violencia-copia-222x59.jpg 222w\" sizes=\"(max-width: 993px) 100vw, 993px\" \/><\/p>\n<p style=\"text-align: justify;\">Adem\u00e1s, esta semana la profesora de la Universidad de Granada, Carmen Ruiz Repullo, soci\u00f3loga especializada en violencia de g\u00e9nero en adolescentes y j\u00f3venes, ha recibido el \u201cReconocimiento 25 de noviembre a la Educaci\u00f3n para la Igualdad y contra la Violencia contra las Mujeres\u201d que otorga el Ministerio de Igualdad, a trav\u00e9s de la Delegaci\u00f3n del Gobierno contra la Violencia de G\u00e9nero.<\/p>\n<p style=\"text-align: justify;\">En este acto institucional con motivo del D\u00eda Internacional para la Eliminaci\u00f3n de la Violencia contra las Mujeres, se ha distinguido a personas, proyectos e instituciones, que, durante el a\u00f1o 2024, han sido reconocidas por su labor en diferentes \u00e1mbitos en la lucha contra las violencias machistas.<\/p>\n<p style=\"text-align: justify;\">Aprovechamos para compartir de nuevo el v\u00eddeo de la escalera c\u00edclica de la violencia de g\u00e9nero en la adolescencia.<\/p>\n<p style=\"text-align: center;\"><iframe loading=\"lazy\" title=\"YouTube video player\" src=\"\/\/www.youtube.com\/embed\/IpaabDdQNO8?si=WCtTHED4kpZewZ4i\" width=\"560\" height=\"315\" frameborder=\"0\" allowfullscreen=\"allowfullscreen\"><\/iframe><\/p>\n","protected":false},"excerpt":{"rendered":"<p>Continuamos con la actividad \u00abEl term\u00f3metro de la violencia\u00bb con la que pretendemos que el alumnado reflexione sobre las bases de unas relaciones afectivas sanas y fomentar su capacidad de an\u00e1lisis para que sean cr\u00edticas y cr\u00edticos con lo que &hellip; <a href=\"https:\/\/cifpn1.com\/igualdad\/?p=1273\">Contin\u00faa leyendo <span class=\"meta-nav\">&rarr;<\/span><\/a><\/p>\n","protected":false},"author":1,"featured_media":0,"comment_status":"closed","ping_status":"closed","sticky":false,"template":"","format":"standard","meta":[],"categories":[1],"tags":[],"_links":{"self":[{"href":"https:\/\/cifpn1.com\/igualdad\/index.php?rest_route=\/wp\/v2\/posts\/1273"}],"collection":[{"href":"https:\/\/cifpn1.com\/igualdad\/index.php?rest_route=\/wp\/v2\/posts"}],"about":[{"href":"https:\/\/cifpn1.com\/igualdad\/index.php?rest_route=\/wp\/v2\/types\/post"}],"author":[{"embeddable":true,"href":"https:\/\/cifpn1.com\/igualdad\/index.php?rest_route=\/wp\/v2\/users\/1"}],"replies":[{"embeddable":true,"href":"https:\/\/cifpn1.com\/igualdad\/index.php?rest_route=%2Fwp%2Fv2%2Fcomments&post=1273"}],"version-history":[{"count":5,"href":"https:\/\/cifpn1.com\/igualdad\/index.php?rest_route=\/wp\/v2\/posts\/1273\/revisions"}],"predecessor-version":[{"id":1282,"href":"https:\/\/cifpn1.com\/igualdad\/index.php?rest_route=\/wp\/v2\/posts\/1273\/revisions\/1282"}],"wp:attachment":[{"href":"https:\/\/cifpn1.com\/igualdad\/index.php?rest_route=%2Fwp%2Fv2%2Fmedia&parent=1273"}],"wp:term":[{"taxonomy":"category","embeddable":true,"href":"https:\/\/cifpn1.com\/igualdad\/index.php?rest_route=%2Fwp%2Fv2%2Fcategories&post=1273"},{"taxonomy":"post_tag","embeddable":true,"href":"https:\/\/cifpn1.com\/igualdad\/index.php?rest_route=%2Fwp%2Fv2%2Ftags&post=1273"}],"curies":[{"name":"wp","href":"https:\/\/api.w.org\/{rel}","templated":true}]}}