{"id":1267,"date":"2024-11-25T08:15:21","date_gmt":"2024-11-25T07:15:21","guid":{"rendered":"https:\/\/cifpn1.com\/igualdad\/?p=1267"},"modified":"2024-11-25T07:44:00","modified_gmt":"2024-11-25T06:44:00","slug":"25-n-el-termometro-de-la-violencia","status":"publish","type":"post","link":"https:\/\/cifpn1.com\/igualdad\/?p=1267","title":{"rendered":"25 N: \u00abEl term\u00f3metro de la violencia\u00bb."},"content":{"rendered":"<p><img decoding=\"async\" loading=\"lazy\" class=\"aligncenter wp-image-383\" src=\"https:\/\/cifpn1.com\/igualdad\/wp-content\/uploads\/2022\/12\/cropped-logo-persona-corazon-IGUALDAD_512x512.jpg\" alt=\"\" width=\"189\" height=\"189\" srcset=\"https:\/\/cifpn1.com\/igualdad\/wp-content\/uploads\/2022\/12\/cropped-logo-persona-corazon-IGUALDAD_512x512.jpg 512w, https:\/\/cifpn1.com\/igualdad\/wp-content\/uploads\/2022\/12\/cropped-logo-persona-corazon-IGUALDAD_512x512-300x300.jpg 300w, https:\/\/cifpn1.com\/igualdad\/wp-content\/uploads\/2022\/12\/cropped-logo-persona-corazon-IGUALDAD_512x512-222x222.jpg 222w, https:\/\/cifpn1.com\/igualdad\/wp-content\/uploads\/2022\/12\/cropped-logo-persona-corazon-IGUALDAD_512x512-270x270.jpg 270w, https:\/\/cifpn1.com\/igualdad\/wp-content\/uploads\/2022\/12\/cropped-logo-persona-corazon-IGUALDAD_512x512-192x192.jpg 192w, https:\/\/cifpn1.com\/igualdad\/wp-content\/uploads\/2022\/12\/cropped-logo-persona-corazon-IGUALDAD_512x512-180x180.jpg 180w, https:\/\/cifpn1.com\/igualdad\/wp-content\/uploads\/2022\/12\/cropped-logo-persona-corazon-IGUALDAD_512x512-32x32.jpg 32w\" sizes=\"(max-width: 189px) 100vw, 189px\" \/><\/p>\n<p style=\"text-align: justify;\">Con motivo de la conmemoraci\u00f3n del 25 de noviembre, D\u00eda Internacional de la eliminaci\u00f3n de la violencia contra la Mujer, el CIFP N\u00famero Uno de Santander se une a la campa\u00f1a \u00abEl term\u00f3metro de la violencia\u00bb del Ayuntamiento de Santander.<\/p>\n<p style=\"text-align: justify;\">A lo largo de la semana se desarrollar\u00e1 la actividad programada con el objetivo de fomentar las relaciones afectivas sanas entre el alumnado como ant\u00eddoto contra la violencia de g\u00e9nero y para ayudar a reflexionar y a detectar aquellas actitudes o comportamientos que no deben tolerarse en ninguna relaci\u00f3n de pareja.<\/p>\n<p><img decoding=\"async\" loading=\"lazy\" class=\"aligncenter size-full wp-image-1268\" src=\"https:\/\/cifpn1.com\/igualdad\/wp-content\/uploads\/2024\/11\/Captura-de-pantalla-11915.png\" alt=\"\" width=\"966\" height=\"252\" srcset=\"https:\/\/cifpn1.com\/igualdad\/wp-content\/uploads\/2024\/11\/Captura-de-pantalla-11915.png 966w, https:\/\/cifpn1.com\/igualdad\/wp-content\/uploads\/2024\/11\/Captura-de-pantalla-11915-300x78.png 300w, https:\/\/cifpn1.com\/igualdad\/wp-content\/uploads\/2024\/11\/Captura-de-pantalla-11915-650x170.png 650w, https:\/\/cifpn1.com\/igualdad\/wp-content\/uploads\/2024\/11\/Captura-de-pantalla-11915-222x58.png 222w\" sizes=\"(max-width: 966px) 100vw, 966px\" \/><\/p>\n","protected":false},"excerpt":{"rendered":"<p>Con motivo de la conmemoraci\u00f3n del 25 de noviembre, D\u00eda Internacional de la eliminaci\u00f3n de la violencia contra la Mujer, el CIFP N\u00famero Uno de Santander se une a la campa\u00f1a \u00abEl term\u00f3metro de la violencia\u00bb del Ayuntamiento de Santander. &hellip; <a href=\"https:\/\/cifpn1.com\/igualdad\/?p=1267\">Contin\u00faa leyendo <span class=\"meta-nav\">&rarr;<\/span><\/a><\/p>\n","protected":false},"author":1,"featured_media":0,"comment_status":"closed","ping_status":"closed","sticky":false,"template":"","format":"standard","meta":[],"categories":[43,9,4],"tags":[6,2],"_links":{"self":[{"href":"https:\/\/cifpn1.com\/igualdad\/index.php?rest_route=\/wp\/v2\/posts\/1267"}],"collection":[{"href":"https:\/\/cifpn1.com\/igualdad\/index.php?rest_route=\/wp\/v2\/posts"}],"about":[{"href":"https:\/\/cifpn1.com\/igualdad\/index.php?rest_route=\/wp\/v2\/types\/post"}],"author":[{"embeddable":true,"href":"https:\/\/cifpn1.com\/igualdad\/index.php?rest_route=\/wp\/v2\/users\/1"}],"replies":[{"embeddable":true,"href":"https:\/\/cifpn1.com\/igualdad\/index.php?rest_route=%2Fwp%2Fv2%2Fcomments&post=1267"}],"version-history":[{"count":4,"href":"https:\/\/cifpn1.com\/igualdad\/index.php?rest_route=\/wp\/v2\/posts\/1267\/revisions"}],"predecessor-version":[{"id":1272,"href":"https:\/\/cifpn1.com\/igualdad\/index.php?rest_route=\/wp\/v2\/posts\/1267\/revisions\/1272"}],"wp:attachment":[{"href":"https:\/\/cifpn1.com\/igualdad\/index.php?rest_route=%2Fwp%2Fv2%2Fmedia&parent=1267"}],"wp:term":[{"taxonomy":"category","embeddable":true,"href":"https:\/\/cifpn1.com\/igualdad\/index.php?rest_route=%2Fwp%2Fv2%2Fcategories&post=1267"},{"taxonomy":"post_tag","embeddable":true,"href":"https:\/\/cifpn1.com\/igualdad\/index.php?rest_route=%2Fwp%2Fv2%2Ftags&post=1267"}],"curies":[{"name":"wp","href":"https:\/\/api.w.org\/{rel}","templated":true}]}}