{"id":1251,"date":"2024-11-21T18:32:25","date_gmt":"2024-11-21T17:32:25","guid":{"rendered":"https:\/\/cifpn1.com\/igualdad\/?p=1251"},"modified":"2024-11-24T23:52:58","modified_gmt":"2024-11-24T22:52:58","slug":"construimos-conciencias-jornadas-formativas-en-igualdad-de-genero","status":"publish","type":"post","link":"https:\/\/cifpn1.com\/igualdad\/?p=1251","title":{"rendered":"\u00abConstruimos conciencias\u00bb, jornadas formativas en igualdad de g\u00e9nero."},"content":{"rendered":"<p style=\"text-align: justify;\">Un a\u00f1o m\u00e1s, la directora y las coordinadoras de igualdad del centro, asistimos a la jornada para conmemorar el D\u00eda Internacional de la Eliminaci\u00f3n de la Violencia contra las Mujeres en el Paraninfo UIMP, con el siguiente programa:<\/p>\n<ol>\n<li style=\"text-align: justify;\"><strong>Situaci\u00f3n actual de la violencia de g\u00e9nero en Cantabria y en Espa\u00f1a<\/strong>. Diana Mirones, jefa de la Unidad de Coordinaci\u00f3n de la Violencia sobre la Mujer de la Delegaci\u00f3n del Gobierno en Cantabria.<\/li>\n<li style=\"text-align: justify;\"><strong>Ponencias<\/strong>:\n<ol>\n<li style=\"text-align: justify;\">Educaci\u00f3n sexual. \u00bfPara qu\u00e9? Contribuci\u00f3n al desarrollo integral del alumnado. Diana Ferrer. Educadora social en CAVAS y experta en sexolog\u00eda aplicada a la intervenci\u00f3n social y educativa.<\/li>\n<li style=\"text-align: justify;\">Ant\u00eddotos contra la Violencia de G\u00e9nero: construyendo nuevas masculinidades. Juan Jos\u00e9 Mart\u00ednez. Psic\u00f3logo sanitario.<\/li>\n<li style=\"text-align: justify;\">Pornograf\u00eda: una narrativa de violencia. Teresa V\u00e9lez Barquilla. Educadora social especializada en intervenci\u00f3n con menores y mujeres en contextos vulnerables. Doctoranda en An\u00e1lisis de Problemas Sociales.<\/li>\n<\/ol>\n<\/li>\n<\/ol>\n<ul>\n<li style=\"list-style-type: none;\"><\/li>\n<\/ul>\n<div><img decoding=\"async\" loading=\"lazy\" class=\"aligncenter size-full wp-image-1263\" src=\"https:\/\/cifpn1.com\/igualdad\/wp-content\/uploads\/2024\/11\/20241121_134615-scaled.jpg\" alt=\"\" width=\"1920\" height=\"2560\" srcset=\"https:\/\/cifpn1.com\/igualdad\/wp-content\/uploads\/2024\/11\/20241121_134615-scaled.jpg 1920w, https:\/\/cifpn1.com\/igualdad\/wp-content\/uploads\/2024\/11\/20241121_134615-225x300.jpg 225w, https:\/\/cifpn1.com\/igualdad\/wp-content\/uploads\/2024\/11\/20241121_134615-650x867.jpg 650w, https:\/\/cifpn1.com\/igualdad\/wp-content\/uploads\/2024\/11\/20241121_134615-167x222.jpg 167w, https:\/\/cifpn1.com\/igualdad\/wp-content\/uploads\/2024\/11\/20241121_134615-1152x1536.jpg 1152w, https:\/\/cifpn1.com\/igualdad\/wp-content\/uploads\/2024\/11\/20241121_134615-1536x2048.jpg 1536w\" sizes=\"(max-width: 1920px) 100vw, 1920px\" \/><\/div>\n","protected":false},"excerpt":{"rendered":"<p>Un a\u00f1o m\u00e1s, la directora y las coordinadoras de igualdad del centro, asistimos a la jornada para conmemorar el D\u00eda Internacional de la Eliminaci\u00f3n de la Violencia contra las Mujeres en el Paraninfo UIMP, con el siguiente programa: Situaci\u00f3n actual &hellip; <a href=\"https:\/\/cifpn1.com\/igualdad\/?p=1251\">Contin\u00faa leyendo <span class=\"meta-nav\">&rarr;<\/span><\/a><\/p>\n","protected":false},"author":1,"featured_media":0,"comment_status":"closed","ping_status":"closed","sticky":false,"template":"","format":"standard","meta":[],"categories":[43,9,10,4,36],"tags":[6,62,11,2],"_links":{"self":[{"href":"https:\/\/cifpn1.com\/igualdad\/index.php?rest_route=\/wp\/v2\/posts\/1251"}],"collection":[{"href":"https:\/\/cifpn1.com\/igualdad\/index.php?rest_route=\/wp\/v2\/posts"}],"about":[{"href":"https:\/\/cifpn1.com\/igualdad\/index.php?rest_route=\/wp\/v2\/types\/post"}],"author":[{"embeddable":true,"href":"https:\/\/cifpn1.com\/igualdad\/index.php?rest_route=\/wp\/v2\/users\/1"}],"replies":[{"embeddable":true,"href":"https:\/\/cifpn1.com\/igualdad\/index.php?rest_route=%2Fwp%2Fv2%2Fcomments&post=1251"}],"version-history":[{"count":4,"href":"https:\/\/cifpn1.com\/igualdad\/index.php?rest_route=\/wp\/v2\/posts\/1251\/revisions"}],"predecessor-version":[{"id":1266,"href":"https:\/\/cifpn1.com\/igualdad\/index.php?rest_route=\/wp\/v2\/posts\/1251\/revisions\/1266"}],"wp:attachment":[{"href":"https:\/\/cifpn1.com\/igualdad\/index.php?rest_route=%2Fwp%2Fv2%2Fmedia&parent=1251"}],"wp:term":[{"taxonomy":"category","embeddable":true,"href":"https:\/\/cifpn1.com\/igualdad\/index.php?rest_route=%2Fwp%2Fv2%2Fcategories&post=1251"},{"taxonomy":"post_tag","embeddable":true,"href":"https:\/\/cifpn1.com\/igualdad\/index.php?rest_route=%2Fwp%2Fv2%2Ftags&post=1251"}],"curies":[{"name":"wp","href":"https:\/\/api.w.org\/{rel}","templated":true}]}}