{"id":1249,"date":"2024-11-13T10:59:42","date_gmt":"2024-11-13T09:59:42","guid":{"rendered":"https:\/\/cifpn1.com\/igualdad\/?p=1249"},"modified":"2024-11-24T22:31:28","modified_gmt":"2024-11-24T21:31:28","slug":"el-cifp-numero-uno-participa-en-el-programa-complices-del-ayuntamiento-de-santander","status":"publish","type":"post","link":"https:\/\/cifpn1.com\/igualdad\/?p=1249","title":{"rendered":"El CIFP N\u00famero Uno participa en el Programa C\u00d3MPLICES del Ayuntamiento de Santander."},"content":{"rendered":"<p style=\"text-align: justify;\">Este a\u00f1o volvemos a participar en el programa \u00abC\u00d3MPLICES\u00bb del Ayuntamiento de Santander con dos grupos de grado superior. Este programa se orienta al fomento de la conciliaci\u00f3n, la corresponsabilidad y la igualdad de oportunidades desde el trabajo espec\u00edfico con hombres j\u00f3venes. No como algo externo que se quiere imponer (como lo sienten muchos) sino como algo que nace de la reflexi\u00f3n, de la toma de conciencia y que se elige porque tiene sentido para la persona. Consideramos fundamental abordar esta experiencia desde la escucha activa y desde una perspectiva integradora.<\/p>\n<p style=\"text-align: center;\"><img decoding=\"async\" loading=\"lazy\" class=\"aligncenter size-full wp-image-1256\" src=\"https:\/\/cifpn1.com\/igualdad\/wp-content\/uploads\/2024\/11\/Captura-de-pantalla-11914.png\" alt=\"\" width=\"1016\" height=\"323\" srcset=\"https:\/\/cifpn1.com\/igualdad\/wp-content\/uploads\/2024\/11\/Captura-de-pantalla-11914.png 1016w, https:\/\/cifpn1.com\/igualdad\/wp-content\/uploads\/2024\/11\/Captura-de-pantalla-11914-300x95.png 300w, https:\/\/cifpn1.com\/igualdad\/wp-content\/uploads\/2024\/11\/Captura-de-pantalla-11914-650x207.png 650w, https:\/\/cifpn1.com\/igualdad\/wp-content\/uploads\/2024\/11\/Captura-de-pantalla-11914-222x71.png 222w\" sizes=\"(max-width: 1016px) 100vw, 1016px\" \/><\/p>\n<p style=\"text-align: justify;\">Los objetivos que se persiguen:<\/p>\n<ul style=\"text-align: justify;\">\n<li>Detectar las necesidades, dificultades y miedos de los hombres j\u00f3venes en relaci\u00f3n a la conciliaci\u00f3n y la corresponsabilidad.<\/li>\n<li>Fomentar la reflexi\u00f3n y el di\u00e1logo sobre los roles de g\u00e9nero tradicionales y su impacto en las parejas y din\u00e1micas familiares modernas.<\/li>\n<li>Desterrar estereotipos, prejuicios y creencias err\u00f3neas, tanto entre los hombres como en la pareja.<\/li>\n<li>Propiciar la toma de conciencia y la reflexi\u00f3n con respecto a los comportamientos conscientes e inconscientes relacionados con los roles de g\u00e9nero, la corresponsabilidad y la igualdad en las tareas dom\u00e9sticas y de crianza, fundamental para generar cambios significativos, enraizados y duraderos.<\/li>\n<\/ul>\n<p style=\"text-align: justify;\">Se desarrollar\u00e1n 3 sesiones, dise\u00f1adas con el objetivo de crear un ambiente de confianza y escucha activa en el que abordar temas como: la igualdad de oportunidades, los estereotipos de g\u00e9nero, la manipulaci\u00f3n social y la influencia de los medios de comunicaci\u00f3n. Se emplear\u00e1n diversas t\u00e9cnicas que incluir\u00e1n debates, an\u00e1lisis de contenido audiovisual y din\u00e1micas grupales.<\/p>\n<p>Sesiones del programa a desarrollar:<\/p>\n<ul>\n<li>Sesi\u00f3n 1: Enfoque en la sensibilizaci\u00f3n sobre estereotipos de g\u00e9nero.<\/li>\n<li>Sesi\u00f3n 2: La influencia de los medios y la publicidad.<\/li>\n<li>Sesi\u00f3n 3: Exploraci\u00f3n de los conceptos de masculinidad y feminidad.<\/li>\n<\/ul>\n","protected":false},"excerpt":{"rendered":"<p>Este a\u00f1o volvemos a participar en el programa \u00abC\u00d3MPLICES\u00bb del Ayuntamiento de Santander con dos grupos de grado superior. Este programa se orienta al fomento de la conciliaci\u00f3n, la corresponsabilidad y la igualdad de oportunidades desde el trabajo espec\u00edfico con &hellip; <a href=\"https:\/\/cifpn1.com\/igualdad\/?p=1249\">Contin\u00faa leyendo <span class=\"meta-nav\">&rarr;<\/span><\/a><\/p>\n","protected":false},"author":1,"featured_media":0,"comment_status":"closed","ping_status":"closed","sticky":false,"template":"","format":"standard","meta":[],"categories":[9,34,71,1],"tags":[14,2,72],"_links":{"self":[{"href":"https:\/\/cifpn1.com\/igualdad\/index.php?rest_route=\/wp\/v2\/posts\/1249"}],"collection":[{"href":"https:\/\/cifpn1.com\/igualdad\/index.php?rest_route=\/wp\/v2\/posts"}],"about":[{"href":"https:\/\/cifpn1.com\/igualdad\/index.php?rest_route=\/wp\/v2\/types\/post"}],"author":[{"embeddable":true,"href":"https:\/\/cifpn1.com\/igualdad\/index.php?rest_route=\/wp\/v2\/users\/1"}],"replies":[{"embeddable":true,"href":"https:\/\/cifpn1.com\/igualdad\/index.php?rest_route=%2Fwp%2Fv2%2Fcomments&post=1249"}],"version-history":[{"count":6,"href":"https:\/\/cifpn1.com\/igualdad\/index.php?rest_route=\/wp\/v2\/posts\/1249\/revisions"}],"predecessor-version":[{"id":1260,"href":"https:\/\/cifpn1.com\/igualdad\/index.php?rest_route=\/wp\/v2\/posts\/1249\/revisions\/1260"}],"wp:attachment":[{"href":"https:\/\/cifpn1.com\/igualdad\/index.php?rest_route=%2Fwp%2Fv2%2Fmedia&parent=1249"}],"wp:term":[{"taxonomy":"category","embeddable":true,"href":"https:\/\/cifpn1.com\/igualdad\/index.php?rest_route=%2Fwp%2Fv2%2Fcategories&post=1249"},{"taxonomy":"post_tag","embeddable":true,"href":"https:\/\/cifpn1.com\/igualdad\/index.php?rest_route=%2Fwp%2Fv2%2Ftags&post=1249"}],"curies":[{"name":"wp","href":"https:\/\/api.w.org\/{rel}","templated":true}]}}