{"id":12,"date":"2020-02-11T10:51:00","date_gmt":"2020-02-11T09:51:00","guid":{"rendered":"https:\/\/cifpn1.com\/igualdad\/?p=12"},"modified":"2022-11-29T18:52:01","modified_gmt":"2022-11-29T17:52:01","slug":"titulo-11-de-febrero-dia-internacional-de-la-mujer-y-la-nina-en-la-ciencia","status":"publish","type":"post","link":"https:\/\/cifpn1.com\/igualdad\/?p=12","title":{"rendered":"11 de febrero. D\u00eda internacional de la Mujer y La Ni\u00f1a en la ciencia."},"content":{"rendered":"\r\n<p>Este mes tenemos una importante celebraci\u00f3n. El d\u00eda 11 de febrero se celebra el <strong><em>d\u00eda internacional de la mujer y la ni\u00f1a en la ciencia<\/em><\/strong>. Es mucho el camino recorrido, pero no ha hecho m\u00e1s que comenzar.<\/p>\r\n<p style=\"text-align: center;\"><span style=\"color: #444444;\"><iframe loading=\"lazy\" src=\"\/\/www.youtube.com\/embed\/xMOx65IGWuY\" width=\"650\" height=\"364\" allowfullscreen=\"allowfullscreen\"><\/iframe>\u00a0<\/span><\/p>\r\n\r\n\r\n\r\n<p style=\"padding-left: 40px;\">V\u00eddeo realizado por Ana Esther Cruz Gonz\u00e1lez, representante de Igualdad de G\u00e9nero del Centro Integrado de F.P. N\u00ba 1 de Santander.<\/p>\r\n\r\n\r\n\r\n<p>Para saber m\u00e1s de este d\u00eda, pincha en la siguiente imagen:\u00a0<\/p>\r\n\r\n\r\n<div class=\"wp-block-image\">\r\n<figure class=\"aligncenter\"><a href=\"https:\/\/www.un.org\/es\/observances\/women-and-girls-in-science-day\" target=\"_blank\" rel=\"noreferrer noopener\"><img decoding=\"async\" class=\"wp-image-756\" src=\"https:\/\/cifpn1.com\/siop\/wp-content\/uploads\/2021\/02\/C577038D-6CB1-4CD1-9D3C-5995A8C1C25C-656x363.jpeg\" alt=\"\" \/><\/a><\/figure><\/div>","protected":false},"excerpt":{"rendered":"<p>Este mes tenemos una importante celebraci\u00f3n. El d\u00eda 11 de febrero se celebra el d\u00eda internacional de la mujer y la ni\u00f1a en la ciencia. Es mucho el camino recorrido, pero no ha hecho m\u00e1s que comenzar. \u00a0 V\u00eddeo realizado &hellip; <a href=\"https:\/\/cifpn1.com\/igualdad\/?p=12\">Contin\u00faa leyendo <span class=\"meta-nav\">&rarr;<\/span><\/a><\/p>\n","protected":false},"author":1,"featured_media":0,"comment_status":"closed","ping_status":"open","sticky":false,"template":"","format":"standard","meta":[],"categories":[4,1],"tags":[5,2],"_links":{"self":[{"href":"https:\/\/cifpn1.com\/igualdad\/index.php?rest_route=\/wp\/v2\/posts\/12"}],"collection":[{"href":"https:\/\/cifpn1.com\/igualdad\/index.php?rest_route=\/wp\/v2\/posts"}],"about":[{"href":"https:\/\/cifpn1.com\/igualdad\/index.php?rest_route=\/wp\/v2\/types\/post"}],"author":[{"embeddable":true,"href":"https:\/\/cifpn1.com\/igualdad\/index.php?rest_route=\/wp\/v2\/users\/1"}],"replies":[{"embeddable":true,"href":"https:\/\/cifpn1.com\/igualdad\/index.php?rest_route=%2Fwp%2Fv2%2Fcomments&post=12"}],"version-history":[{"count":3,"href":"https:\/\/cifpn1.com\/igualdad\/index.php?rest_route=\/wp\/v2\/posts\/12\/revisions"}],"predecessor-version":[{"id":130,"href":"https:\/\/cifpn1.com\/igualdad\/index.php?rest_route=\/wp\/v2\/posts\/12\/revisions\/130"}],"wp:attachment":[{"href":"https:\/\/cifpn1.com\/igualdad\/index.php?rest_route=%2Fwp%2Fv2%2Fmedia&parent=12"}],"wp:term":[{"taxonomy":"category","embeddable":true,"href":"https:\/\/cifpn1.com\/igualdad\/index.php?rest_route=%2Fwp%2Fv2%2Fcategories&post=12"},{"taxonomy":"post_tag","embeddable":true,"href":"https:\/\/cifpn1.com\/igualdad\/index.php?rest_route=%2Fwp%2Fv2%2Ftags&post=12"}],"curies":[{"name":"wp","href":"https:\/\/api.w.org\/{rel}","templated":true}]}}