{"id":1182,"date":"2024-06-05T12:50:42","date_gmt":"2024-06-05T11:50:42","guid":{"rendered":"https:\/\/cifpn1.com\/igualdad\/?p=1182"},"modified":"2024-06-05T14:57:57","modified_gmt":"2024-06-05T13:57:57","slug":"formacion-para-el-alumnado-de-grado-medio-sexualidad-y-jovenes","status":"publish","type":"post","link":"https:\/\/cifpn1.com\/igualdad\/?p=1182","title":{"rendered":"Formaci\u00f3n para el alumnado de Grado Medio \u00abSexualidad y j\u00f3venes\u00bb."},"content":{"rendered":"<p style=\"text-align: justify;\">Siguiendo con la l\u00ednea marcada en el plan de Igualdad de proporcionar <span style=\"font-weight: 400;\">una educaci\u00f3n afectivo-sexual libre de estereotipos sexistas, se han organizado desde la coordinaci\u00f3n de Igualdad unas jornadas formativas con el alumnado de Grado Medio sobre juventud, salud y sexualidad. Para ello, hemos contado con<\/span>\u00a0Teresa V\u00e9lez Barquilla, Graduada en Educaci\u00f3n Social, M\u00e1ster en de Problemas Sociales, Doctoranda en An\u00e1lisis de Problemas Sociales, Experta Universitaria en Derecho y Menores, T\u00e9cnica en Violencia de G\u00e9nero, especializada en intervenci\u00f3n con adolescentes y mujeres en contextos vulnerables y Gestora programa nacional de atenci\u00f3n a v\u00edctimas de trata con fines de explotaci\u00f3n sexual. Su \u00e1rea de investigaci\u00f3n: sexualidad, pornograf\u00eda y menores.<\/p>\n<p style=\"text-align: justify;\">Teresa est\u00e1 realizando una tesis sobre la influencia de la pornograf\u00eda en el comportamiento sexual adolescente. Y, por ende, en la construcci\u00f3n de su deseo sexual. El inter\u00e9s de esta investigaci\u00f3n es profundizar en la realidad de la juventud y conocer los factores que construyen o modifican su construcci\u00f3n del deseo sexual durante su proceso de socializaci\u00f3n y su vida diaria, como horizonte para ver y entender el contexto del que forman parte.<\/p>\n<p style=\"text-align: justify;\">Queremos dar nuestro agradecimiento a Teresa V\u00e9lez por su labor e implicaci\u00f3n y, especialmente, al profesorado que ha colaborado para hacer estas charlas posibles: Aurora Espada, Enrique Rodr\u00edguez, Fernando Rosas y Daniel San Juan.<\/p>\n<p style=\"text-align: center;\"><div id=\"metaslider-id-1200\" style=\"width: 100%; margin: 0 auto;\" class=\"ml-slider-3-108-0 metaslider metaslider-nivo metaslider-1200 ml-slider ms-theme-default\" role=\"region\" aria-label=\"Formaci\u00f3n Alumnado GM Sexualidad y juventud\" data-height=\"700\" data-width=\"640\">\n    <div id=\"metaslider_container_1200\">\n        <div class='slider-wrapper theme-default'><div class='ribbon'><\/div><div id='metaslider_1200' class='nivoSlider'><img src=\"https:\/\/cifpn1.com\/igualdad\/wp-content\/uploads\/2024\/06\/Foto-mna-12-640x700.jpg\" height=\"700\" width=\"640\" title=\"Foto m\u00f1a 12\" alt=\"\" class=\"slider-1200 slide-1201 msDefaultImage\" \/><img src=\"https:\/\/cifpn1.com\/igualdad\/wp-content\/uploads\/2024\/06\/Foto-tarde-3-640x700.jpg\" height=\"700\" width=\"640\" title=\"Foto tarde 3\" alt=\"\" class=\"slider-1200 slide-1202 msDefaultImage\" \/><img src=\"https:\/\/cifpn1.com\/igualdad\/wp-content\/uploads\/2024\/06\/Foto-mna-7-640x700.jpg\" height=\"700\" width=\"640\" title=\"Foto m\u00f1a 7\" alt=\"\" class=\"slider-1200 slide-1203 msDefaultImage\" \/><img src=\"https:\/\/cifpn1.com\/igualdad\/wp-content\/uploads\/2024\/06\/Foto-mna-16-640x700.jpg\" height=\"700\" width=\"640\" title=\"Foto m\u00f1a 16\" alt=\"\" class=\"slider-1200 slide-1204 msDefaultImage\" \/><img src=\"https:\/\/cifpn1.com\/igualdad\/wp-content\/uploads\/2024\/06\/Foto-tarde-640x700.jpg\" height=\"700\" width=\"640\" title=\"Foto tarde\" alt=\"\" class=\"slider-1200 slide-1205 msDefaultImage\" \/><img src=\"https:\/\/cifpn1.com\/igualdad\/wp-content\/uploads\/2024\/06\/Foto-mna-14-640x700.jpg\" height=\"700\" width=\"640\" title=\"Foto m\u00f1a 14\" alt=\"\" class=\"slider-1200 slide-1206 msDefaultImage\" \/><img src=\"https:\/\/cifpn1.com\/igualdad\/wp-content\/uploads\/2024\/06\/Foto-tarde-4-640x700.jpg\" height=\"700\" width=\"640\" title=\"Foto tarde 4\" alt=\"\" class=\"slider-1200 slide-1207 msDefaultImage\" \/><\/div><\/div>\n        \n    <\/div>\n<\/div><\/p>\n","protected":false},"excerpt":{"rendered":"<p>Siguiendo con la l\u00ednea marcada en el plan de Igualdad de proporcionar una educaci\u00f3n afectivo-sexual libre de estereotipos sexistas, se han organizado desde la coordinaci\u00f3n de Igualdad unas jornadas formativas con el alumnado de Grado Medio sobre juventud, salud y &hellip; <a href=\"https:\/\/cifpn1.com\/igualdad\/?p=1182\">Contin\u00faa leyendo <span class=\"meta-nav\">&rarr;<\/span><\/a><\/p>\n","protected":false},"author":1,"featured_media":0,"comment_status":"closed","ping_status":"closed","sticky":false,"template":"","format":"standard","meta":[],"categories":[1],"tags":[],"_links":{"self":[{"href":"https:\/\/cifpn1.com\/igualdad\/index.php?rest_route=\/wp\/v2\/posts\/1182"}],"collection":[{"href":"https:\/\/cifpn1.com\/igualdad\/index.php?rest_route=\/wp\/v2\/posts"}],"about":[{"href":"https:\/\/cifpn1.com\/igualdad\/index.php?rest_route=\/wp\/v2\/types\/post"}],"author":[{"embeddable":true,"href":"https:\/\/cifpn1.com\/igualdad\/index.php?rest_route=\/wp\/v2\/users\/1"}],"replies":[{"embeddable":true,"href":"https:\/\/cifpn1.com\/igualdad\/index.php?rest_route=%2Fwp%2Fv2%2Fcomments&post=1182"}],"version-history":[{"count":4,"href":"https:\/\/cifpn1.com\/igualdad\/index.php?rest_route=\/wp\/v2\/posts\/1182\/revisions"}],"predecessor-version":[{"id":1209,"href":"https:\/\/cifpn1.com\/igualdad\/index.php?rest_route=\/wp\/v2\/posts\/1182\/revisions\/1209"}],"wp:attachment":[{"href":"https:\/\/cifpn1.com\/igualdad\/index.php?rest_route=%2Fwp%2Fv2%2Fmedia&parent=1182"}],"wp:term":[{"taxonomy":"category","embeddable":true,"href":"https:\/\/cifpn1.com\/igualdad\/index.php?rest_route=%2Fwp%2Fv2%2Fcategories&post=1182"},{"taxonomy":"post_tag","embeddable":true,"href":"https:\/\/cifpn1.com\/igualdad\/index.php?rest_route=%2Fwp%2Fv2%2Ftags&post=1182"}],"curies":[{"name":"wp","href":"https:\/\/api.w.org\/{rel}","templated":true}]}}