{"id":1110,"date":"2024-03-07T12:48:40","date_gmt":"2024-03-07T11:48:40","guid":{"rendered":"https:\/\/cifpn1.com\/igualdad\/?p=1110"},"modified":"2024-03-07T22:46:29","modified_gmt":"2024-03-07T21:46:29","slug":"2o-desayuno-8-de-marzo-rompiendo-estereotipos","status":"publish","type":"post","link":"https:\/\/cifpn1.com\/igualdad\/?p=1110","title":{"rendered":"2\u00ba DESAYUNO 8 DE MARZO \u00abROMPIENDO ESTEREOTIPOS\u00bb."},"content":{"rendered":"<p style=\"text-align: justify;\">Ma\u00f1ana es el D\u00eda Internacional de la Mujer. Por este motivo, desde la coordinaci\u00f3n de igualdad, hemos organizado el \u00ab2\u00ba desayuno 8M del CIFP N\u00famero Uno\u00bb que, en esta ocasi\u00f3n, tuvo lugar el mi\u00e9rcoles d\u00eda 6 de marzo en el aula ATECA de 9:30 a 11:00 h. Se trat\u00f3 el tema de los estereotipos y su influencia en la elecci\u00f3n de estudios, profesi\u00f3n o incluso pr\u00e1ctica deportiva. Nuestro objetivo volvi\u00f3 a ser dar voz al alumnado y, para ello, hubo una representaci\u00f3n de dos centros educativos contando sus experiencias y formulando preguntas. En la mesa participaron:<\/p>\n<ul>\n<li style=\"text-align: justify;\"><strong>Carmen<\/strong> <strong>Arenillas<\/strong>, estudiante del CFGS en Promoci\u00f3n de la Igualdad de G\u00e9nero del IES Santa Clara.<\/li>\n<li><span style=\"color: #444444;\"><strong>Aroa Cano<\/strong>, alumna del CIFP N\u00famero Uno del CFGS de Prevenci\u00f3n de Riesgos Profesionales.<\/span><\/li>\n<li style=\"text-align: justify;\"><strong>Clara Monedero<\/strong>, alumna del CIFP N\u00famero Uno del CFGS de Prevenci\u00f3n de Riesgos Profesionales y jugadora de rugby.<\/li>\n<li style=\"text-align: justify;\"><strong>Jos\u00e9 Joaqu\u00edn Pachano,<\/strong>\u00a0estudiante del CFGS en Promoci\u00f3n de la Igualdad de G\u00e9nero del IES Santa Clara.<\/li>\n<li><strong>Carolina Pila,<\/strong> estudiante del CFGS en Promoci\u00f3n de la Igualdad de G\u00e9nero del IES Santa Clara.<\/li>\n<li><strong>Bel\u00e9n V\u00e9lez<\/strong>, T\u00e9cnica en electromec\u00e1nica de veh\u00edculos, alumna del CIFP N\u00famero Uno del CFGS de Mantenimiento Aeromec\u00e1nico de Aviones con motor de turbina y copiloto de rally.<\/li>\n<li><strong>Olga Dasgoas<\/strong>, directora corporativa de organizaci\u00f3n y RSC del grupo FAED.<\/li>\n<li style=\"text-align: justify;\"><strong>Mariluz \u00abLa Joyita\u00bb Peral<\/strong>, boxeadora profesional.<\/li>\n<li style=\"text-align: justify;\"><strong>Ana Esther Cruz<\/strong>, jefa de la Unidad T\u00e9cnica de FP.<\/li>\n<li style=\"text-align: justify;\"><strong>Cristina P\u00e9rez<\/strong>, coordinadora del CFGS en Promoci\u00f3n de la Igualdad de G\u00e9nero del IES Santa Clara.<\/li>\n<li style=\"text-align: justify;\"><strong>M\u00aa Eugenia Ant\u00f3n<\/strong>, directora del CIFP N\u00famero Uno.<\/li>\n<li style=\"text-align: justify;\"><strong>M\u00aa Jos\u00e9 Sardina y M\u00aa Concepci\u00f3n Iglesias<\/strong> como responsables de igualdad del CIFP N\u00famero Uno.<\/li>\n<\/ul>\n<p style=\"text-align: justify;\">Se compartieron experiencias y se habl\u00f3 de la necesidad de romper estereotipos y de contar con referentes para fomentar las vocaciones entre las ni\u00f1as y las j\u00f3venes en la pr\u00e1ctica del deporte y en \u00e1mbitos tan masculinizados como los de nuestros ciclos o tan feminizados como en el ciclo de Promoci\u00f3n de la Igualdad de G\u00e9nero.<\/p>\n<p style=\"text-align: justify;\">Entre las medidas que se plantearon para romper con esos estereotipos est\u00e1n las siguientes:<\/p>\n<ul>\n<li style=\"text-align: justify;\">Orientaci\u00f3n y sensibilizaci\u00f3n temprana, proporcionando orientaci\u00f3n vocacional desde edades tempranas,\u00a0 desafiando los estereotipos de g\u00e9nero desde el inicio de la educaci\u00f3n.<\/li>\n<li style=\"text-align: justify;\">Establecer programas de mentor\u00eda donde mujeres que hayan tenido \u00e9xito en campos masculinizados puedan orientar y apoyar a las j\u00f3venes interesadas en seguir esos mismos caminos.<\/li>\n<li style=\"text-align: justify;\">Implementar pol\u00edticas educativas que fomenten la equidad de g\u00e9nero en el acceso a la educaci\u00f3n y en la selecci\u00f3n de estudios, as\u00ed como medidas para combatir el acoso y la discriminaci\u00f3n de g\u00e9nero en entornos educativos.<\/li>\n<li style=\"text-align: justify;\">Promover la visibilidad de mujeres destacadas en campos masculinizados a trav\u00e9s de campa\u00f1as de concienciaci\u00f3n, eventos y medios de comunicaci\u00f3n, para inspirar a otras mujeres.<\/li>\n<li style=\"text-align: justify;\">Ofrecer becas y ayudas econ\u00f3micas espec\u00edficas para ayudar a superar posibles barreras econ\u00f3micas.<\/li>\n<li style=\"text-align: justify;\">Desarrollar programas y actividades que promuevan la autoconfianza y la autoestima para perseguir sus intereses y metas sin importar los estereotipos de g\u00e9nero.<\/li>\n<\/ul>\n<p style=\"text-align: justify;\">Queremos mostrar nuestro agradecimiento a las participantes, a las personas que nos pudieron acompa\u00f1ar, al equipo directivo por toda la ayuda prestada y al IES Pe\u00f1acastillo por la elaboraci\u00f3n del desayuno. Y, por \u00faltimo, no queremos dejar pasar la ocasi\u00f3n de invitar a todo el alumnado, profesorado y personal del centro a plasmar sus experiencias personales en este tema en el panel que hemos instalado en el hall de la entrada principal (que ha sido inaugurado en el desayuno por las participantes).<\/p>\n<div id=\"metaslider-id-1133\" style=\"width: 100%; margin: 0 auto;\" class=\"ml-slider-3-108-0 metaslider metaslider-nivo metaslider-1133 ml-slider ms-theme-default\" role=\"region\" aria-label=\"2\u00ba DESAYUNO 8M\" data-height=\"360\" data-width=\"640\">\n    <div id=\"metaslider_container_1133\">\n        <div class='slider-wrapper theme-default'><div class='ribbon'><\/div><div id='metaslider_1133' class='nivoSlider'><img src=\"https:\/\/cifpn1.com\/igualdad\/wp-content\/uploads\/2024\/03\/IMG-20240306-WA0046-1-640x360.jpg\" height=\"360\" width=\"640\" title=\"IMG-20240306-WA0046\" alt=\"\" class=\"slider-1133 slide-1134 msDefaultImage\" \/><img src=\"https:\/\/cifpn1.com\/igualdad\/wp-content\/uploads\/2024\/03\/IMG-20240306-WA0032-1-640x360.jpg\" height=\"360\" width=\"640\" title=\"IMG-20240306-WA0032\" alt=\"\" class=\"slider-1133 slide-1135 msDefaultImage\" \/><img src=\"https:\/\/cifpn1.com\/igualdad\/wp-content\/uploads\/2024\/03\/IMG-20240306-WA0029-640x360.jpg\" height=\"360\" width=\"640\" title=\"IMG-20240306-WA0029\" alt=\"\" class=\"slider-1133 slide-1136 msDefaultImage\" \/><img src=\"https:\/\/cifpn1.com\/igualdad\/wp-content\/uploads\/2024\/03\/IMG-20240306-WA0006-640x360.jpg\" height=\"360\" width=\"640\" title=\"IMG-20240306-WA0006\" alt=\"\" class=\"slider-1133 slide-1137 msDefaultImage\" \/><img src=\"https:\/\/cifpn1.com\/igualdad\/wp-content\/uploads\/2024\/03\/IMG-20240306-WA0031-640x360.jpg\" height=\"360\" width=\"640\" title=\"IMG-20240306-WA0031\" alt=\"\" class=\"slider-1133 slide-1138 msDefaultImage\" \/><img src=\"https:\/\/cifpn1.com\/igualdad\/wp-content\/uploads\/2024\/03\/IMG-20240306-WA0037-640x360.jpg\" height=\"360\" width=\"640\" title=\"IMG-20240306-WA0037\" alt=\"\" class=\"slider-1133 slide-1139 msDefaultImage\" \/><img src=\"https:\/\/cifpn1.com\/igualdad\/wp-content\/uploads\/2024\/03\/IMG-20240306-WA0054-640x360.jpg\" height=\"360\" width=\"640\" title=\"IMG-20240306-WA0054\" alt=\"\" class=\"slider-1133 slide-1140 msDefaultImage\" \/><img src=\"https:\/\/cifpn1.com\/igualdad\/wp-content\/uploads\/2024\/03\/IMG-20240306-WA0026-640x360.jpg\" height=\"360\" width=\"640\" title=\"IMG-20240306-WA0026\" alt=\"\" class=\"slider-1133 slide-1141 msDefaultImage\" \/><img src=\"https:\/\/cifpn1.com\/igualdad\/wp-content\/uploads\/2024\/03\/IMG-20240306-WA0022-640x360.jpg\" height=\"360\" width=\"640\" title=\"IMG-20240306-WA0022\" alt=\"\" class=\"slider-1133 slide-1142 msDefaultImage\" \/><img src=\"https:\/\/cifpn1.com\/igualdad\/wp-content\/uploads\/2024\/03\/IMG-20240306-WA0011-640x360.jpg\" height=\"360\" width=\"640\" title=\"IMG-20240306-WA0011\" alt=\"\" class=\"slider-1133 slide-1143 msDefaultImage\" \/><img src=\"https:\/\/cifpn1.com\/igualdad\/wp-content\/uploads\/2024\/03\/IMG-20240306-WA0008-640x360.jpg\" height=\"360\" width=\"640\" title=\"IMG-20240306-WA0008\" alt=\"\" class=\"slider-1133 slide-1144 msDefaultImage\" \/><img src=\"https:\/\/cifpn1.com\/igualdad\/wp-content\/uploads\/2024\/03\/IMG-20240306-WA0030-640x360.jpg\" height=\"360\" width=\"640\" title=\"IMG-20240306-WA0030\" alt=\"\" class=\"slider-1133 slide-1145 msDefaultImage\" \/><img src=\"https:\/\/cifpn1.com\/igualdad\/wp-content\/uploads\/2024\/03\/IMG-20240306-WA0026-640x360.jpg\" height=\"360\" width=\"640\" title=\"IMG-20240306-WA0026\" alt=\"\" class=\"slider-1133 slide-1147 msDefaultImage\" \/><img src=\"https:\/\/cifpn1.com\/igualdad\/wp-content\/uploads\/2024\/03\/IMG-20240306-WA0030-640x360.jpg\" height=\"360\" width=\"640\" title=\"IMG-20240306-WA0030\" alt=\"\" class=\"slider-1133 slide-1148 msDefaultImage\" \/><\/div><\/div>\n        \n    <\/div>\n<\/div>\n<p>&nbsp;<\/p>\n","protected":false},"excerpt":{"rendered":"<p>Ma\u00f1ana es el D\u00eda Internacional de la Mujer. Por este motivo, desde la coordinaci\u00f3n de igualdad, hemos organizado el \u00ab2\u00ba desayuno 8M del CIFP N\u00famero Uno\u00bb que, en esta ocasi\u00f3n, tuvo lugar el mi\u00e9rcoles d\u00eda 6 de marzo en el &hellip; <a href=\"https:\/\/cifpn1.com\/igualdad\/?p=1110\">Contin\u00faa leyendo <span class=\"meta-nav\">&rarr;<\/span><\/a><\/p>\n","protected":false},"author":1,"featured_media":0,"comment_status":"closed","ping_status":"closed","sticky":false,"template":"","format":"standard","meta":[],"categories":[23,9,48,4,36,1],"tags":[3,62,51,2,13],"_links":{"self":[{"href":"https:\/\/cifpn1.com\/igualdad\/index.php?rest_route=\/wp\/v2\/posts\/1110"}],"collection":[{"href":"https:\/\/cifpn1.com\/igualdad\/index.php?rest_route=\/wp\/v2\/posts"}],"about":[{"href":"https:\/\/cifpn1.com\/igualdad\/index.php?rest_route=\/wp\/v2\/types\/post"}],"author":[{"embeddable":true,"href":"https:\/\/cifpn1.com\/igualdad\/index.php?rest_route=\/wp\/v2\/users\/1"}],"replies":[{"embeddable":true,"href":"https:\/\/cifpn1.com\/igualdad\/index.php?rest_route=%2Fwp%2Fv2%2Fcomments&post=1110"}],"version-history":[{"count":5,"href":"https:\/\/cifpn1.com\/igualdad\/index.php?rest_route=\/wp\/v2\/posts\/1110\/revisions"}],"predecessor-version":[{"id":1159,"href":"https:\/\/cifpn1.com\/igualdad\/index.php?rest_route=\/wp\/v2\/posts\/1110\/revisions\/1159"}],"wp:attachment":[{"href":"https:\/\/cifpn1.com\/igualdad\/index.php?rest_route=%2Fwp%2Fv2%2Fmedia&parent=1110"}],"wp:term":[{"taxonomy":"category","embeddable":true,"href":"https:\/\/cifpn1.com\/igualdad\/index.php?rest_route=%2Fwp%2Fv2%2Fcategories&post=1110"},{"taxonomy":"post_tag","embeddable":true,"href":"https:\/\/cifpn1.com\/igualdad\/index.php?rest_route=%2Fwp%2Fv2%2Ftags&post=1110"}],"curies":[{"name":"wp","href":"https:\/\/api.w.org\/{rel}","templated":true}]}}