{"id":1050,"date":"2024-02-23T11:17:16","date_gmt":"2024-02-23T10:17:16","guid":{"rendered":"https:\/\/cifpn1.com\/igualdad\/?p=1050"},"modified":"2024-02-23T11:22:58","modified_gmt":"2024-02-23T10:22:58","slug":"programa-complices-en-el-centro-integrado-de-fp-numero-uno","status":"publish","type":"post","link":"https:\/\/cifpn1.com\/igualdad\/?p=1050","title":{"rendered":"PROGRAMA C\u00d3MPLICES EN EL CENTRO INTEGRADO DE FP N\u00daMERO UNO."},"content":{"rendered":"<p style=\"text-align: justify;\">En los meses iniciales del curso se ha desarrollado en nuestro centro el \u00abPrograma C\u00f3mplices\u00bb del Ayuntamiento de Santander. Este programa se concibe como una experiencia piloto de prospecci\u00f3n que permita recoger datos y conclusiones necesarias para el desarrollo de l\u00edneas de acci\u00f3n eficaces y m\u00e1s amplias en el corto y medio plazo, orientadas al fomento de la conciliaci\u00f3n, la corresponsabilidad y la igualdad de oportunidades en el n\u00facleo familiar, desde el trabajo espec\u00edfico con hombres j\u00f3venes y adultos.<\/p>\n<p>OBJETIVOS ESPEC\u00cdFICOS<\/p>\n<ul>\n<li style=\"text-align: justify;\">Prospecci\u00f3n y detecci\u00f3n de necesidades y dificultades de los hombres en relaci\u00f3n a la conciliaci\u00f3n y la corresponsabilidad, con el fin de plantear acciones de concienciaci\u00f3n eficaces y m\u00e1s amplias en un futuro cercano.<\/li>\n<li style=\"text-align: justify;\">Desterrar estereotipos, prejuicios y creencias err\u00f3neas, tanto entre los hombres como en la pareja y familia.<\/li>\n<li style=\"text-align: justify;\">Propiciar la toma de conciencia y la reflexi\u00f3n, tanto individual como en pareja, fundamental para generar cambios significativos, enraizados y duraderos.<\/li>\n<li style=\"text-align: justify;\">Proponer cauces de exploraci\u00f3n de estrategias concretas de conciliaci\u00f3n y corresponsabilidad en funci\u00f3n de la situaci\u00f3n y necesidades de cada pareja y\/o familia, propiciando la igualdad de oportunidades.<\/li>\n<\/ul>\n<p>POBLACI\u00d3N DESTINATARIA<\/p>\n<p style=\"text-align: justify;\">El programa est\u00e1 enfocado al trabajo con hombres en relaci\u00f3n a su papel en el \u00e1mbito de la conciliaci\u00f3n y la corresponsabilidad en la pareja o familia, no como algo externo que se impone sino como algo que se elige y nace de la toma de conciencia, y que tiene sentido para la persona y pareja. En esta primera fase de prospecci\u00f3n, se dirigi\u00f3 a dos grupos espec\u00edficos, uno de ellos j\u00f3venes. De ah\u00ed, la colaboraci\u00f3n con nuestro centro para desarrollar el programa con alumnado mayor de edad. Se ha optado por nuestro centro por tratarse de ense\u00f1anzas en \u00e1reas tradicionalmente masculinas y en las que mayoritariamente participan hombres.<\/p>\n<p>METODOLOG\u00cdA<\/p>\n<p>La estrategia se estructura en dos Fases:<\/p>\n<ul style=\"list-style-type: disc;\">\n<li style=\"text-align: justify;\">FASE 1: contacto inicial y prospecci\u00f3n de necesidades.<\/li>\n<li style=\"text-align: justify;\">FASE 2: dise\u00f1o y desarrollo de actividades que respondan a necesidades y demandas concretas que se han detectado en cada grupo.<\/li>\n<li style=\"text-align: justify;\">FASE 3: valoraci\u00f3n final, en t\u00e9rminos de si ha sido \u00fatil y pr\u00e1ctico para los participantes, y si creen que tiene alg\u00fan impacto en sus vidas.<\/li>\n<\/ul>\n<p style=\"text-align: justify;\">Se han desarrollado 5 sesiones de 2 h cada una con el grupo SUA 1 y el resultado ha sido muy satisfactorio.<\/p>\n<p><img decoding=\"async\" loading=\"lazy\" class=\"alignnone size-medium wp-image-1067\" src=\"https:\/\/cifpn1.com\/igualdad\/wp-content\/uploads\/2024\/02\/IMG_6912-225x300.jpg\" alt=\"\" width=\"225\" height=\"300\" srcset=\"https:\/\/cifpn1.com\/igualdad\/wp-content\/uploads\/2024\/02\/IMG_6912-225x300.jpg 225w, https:\/\/cifpn1.com\/igualdad\/wp-content\/uploads\/2024\/02\/IMG_6912-167x222.jpg 167w, https:\/\/cifpn1.com\/igualdad\/wp-content\/uploads\/2024\/02\/IMG_6912-rotated.jpg 240w\" sizes=\"(max-width: 225px) 100vw, 225px\" \/><img decoding=\"async\" loading=\"lazy\" class=\"alignnone size-medium wp-image-1064\" src=\"https:\/\/cifpn1.com\/igualdad\/wp-content\/uploads\/2024\/02\/IMG_6908-225x300.jpg\" alt=\"\" width=\"225\" height=\"300\" srcset=\"https:\/\/cifpn1.com\/igualdad\/wp-content\/uploads\/2024\/02\/IMG_6908-225x300.jpg 225w, https:\/\/cifpn1.com\/igualdad\/wp-content\/uploads\/2024\/02\/IMG_6908-167x222.jpg 167w, https:\/\/cifpn1.com\/igualdad\/wp-content\/uploads\/2024\/02\/IMG_6908-rotated.jpg 240w\" sizes=\"(max-width: 225px) 100vw, 225px\" \/><img decoding=\"async\" loading=\"lazy\" class=\"alignnone size-medium wp-image-1058\" src=\"https:\/\/cifpn1.com\/igualdad\/wp-content\/uploads\/2024\/02\/IMG_6902-1-225x300.jpg\" alt=\"\" width=\"225\" height=\"300\" srcset=\"https:\/\/cifpn1.com\/igualdad\/wp-content\/uploads\/2024\/02\/IMG_6902-1-225x300.jpg 225w, https:\/\/cifpn1.com\/igualdad\/wp-content\/uploads\/2024\/02\/IMG_6902-1-167x222.jpg 167w, https:\/\/cifpn1.com\/igualdad\/wp-content\/uploads\/2024\/02\/IMG_6902-1-rotated.jpg 240w\" sizes=\"(max-width: 225px) 100vw, 225px\" \/><img decoding=\"async\" loading=\"lazy\" class=\"alignnone size-medium wp-image-1061\" src=\"https:\/\/cifpn1.com\/igualdad\/wp-content\/uploads\/2024\/02\/IMG_6905-225x300.jpg\" alt=\"\" width=\"225\" height=\"300\" srcset=\"https:\/\/cifpn1.com\/igualdad\/wp-content\/uploads\/2024\/02\/IMG_6905-225x300.jpg 225w, https:\/\/cifpn1.com\/igualdad\/wp-content\/uploads\/2024\/02\/IMG_6905-167x222.jpg 167w, https:\/\/cifpn1.com\/igualdad\/wp-content\/uploads\/2024\/02\/IMG_6905-rotated.jpg 240w\" sizes=\"(max-width: 225px) 100vw, 225px\" \/><img decoding=\"async\" loading=\"lazy\" class=\"alignnone size-medium wp-image-1055\" src=\"https:\/\/cifpn1.com\/igualdad\/wp-content\/uploads\/2024\/02\/IMG_6353-225x300.jpg\" alt=\"\" width=\"225\" height=\"300\" srcset=\"https:\/\/cifpn1.com\/igualdad\/wp-content\/uploads\/2024\/02\/IMG_6353-225x300.jpg 225w, https:\/\/cifpn1.com\/igualdad\/wp-content\/uploads\/2024\/02\/IMG_6353-167x222.jpg 167w, https:\/\/cifpn1.com\/igualdad\/wp-content\/uploads\/2024\/02\/IMG_6353-rotated.jpg 240w\" sizes=\"(max-width: 225px) 100vw, 225px\" \/><img decoding=\"async\" loading=\"lazy\" class=\"alignnone size-medium wp-image-1053\" src=\"https:\/\/cifpn1.com\/igualdad\/wp-content\/uploads\/2024\/02\/IMG_6352-225x300.jpg\" alt=\"\" width=\"225\" height=\"300\" srcset=\"https:\/\/cifpn1.com\/igualdad\/wp-content\/uploads\/2024\/02\/IMG_6352-225x300.jpg 225w, https:\/\/cifpn1.com\/igualdad\/wp-content\/uploads\/2024\/02\/IMG_6352-167x222.jpg 167w, https:\/\/cifpn1.com\/igualdad\/wp-content\/uploads\/2024\/02\/IMG_6352-rotated.jpg 240w\" sizes=\"(max-width: 225px) 100vw, 225px\" \/><img decoding=\"async\" loading=\"lazy\" class=\"alignnone size-medium wp-image-1057\" src=\"https:\/\/cifpn1.com\/igualdad\/wp-content\/uploads\/2024\/02\/IMG_6901-225x300.jpg\" alt=\"\" width=\"225\" height=\"300\" srcset=\"https:\/\/cifpn1.com\/igualdad\/wp-content\/uploads\/2024\/02\/IMG_6901-225x300.jpg 225w, https:\/\/cifpn1.com\/igualdad\/wp-content\/uploads\/2024\/02\/IMG_6901-167x222.jpg 167w, https:\/\/cifpn1.com\/igualdad\/wp-content\/uploads\/2024\/02\/IMG_6901-rotated.jpg 240w\" sizes=\"(max-width: 225px) 100vw, 225px\" \/><img decoding=\"async\" loading=\"lazy\" class=\"alignnone size-medium wp-image-1054\" src=\"https:\/\/cifpn1.com\/igualdad\/wp-content\/uploads\/2024\/02\/IMG_6210-225x300.jpg\" alt=\"\" width=\"225\" height=\"300\" srcset=\"https:\/\/cifpn1.com\/igualdad\/wp-content\/uploads\/2024\/02\/IMG_6210-225x300.jpg 225w, https:\/\/cifpn1.com\/igualdad\/wp-content\/uploads\/2024\/02\/IMG_6210-167x222.jpg 167w, https:\/\/cifpn1.com\/igualdad\/wp-content\/uploads\/2024\/02\/IMG_6210-rotated.jpg 240w\" sizes=\"(max-width: 225px) 100vw, 225px\" \/><\/p>\n<p>&nbsp;<\/p>\n<p>&nbsp;<\/p>\n","protected":false},"excerpt":{"rendered":"<p>En los meses iniciales del curso se ha desarrollado en nuestro centro el \u00abPrograma C\u00f3mplices\u00bb del Ayuntamiento de Santander. Este programa se concibe como una experiencia piloto de prospecci\u00f3n que permita recoger datos y conclusiones necesarias para el desarrollo de &hellip; <a href=\"https:\/\/cifpn1.com\/igualdad\/?p=1050\">Contin\u00faa leyendo <span class=\"meta-nav\">&rarr;<\/span><\/a><\/p>\n","protected":false},"author":1,"featured_media":0,"comment_status":"closed","ping_status":"closed","sticky":false,"template":"","format":"standard","meta":[],"categories":[34,10,4,59,1],"tags":[14,2,60],"_links":{"self":[{"href":"https:\/\/cifpn1.com\/igualdad\/index.php?rest_route=\/wp\/v2\/posts\/1050"}],"collection":[{"href":"https:\/\/cifpn1.com\/igualdad\/index.php?rest_route=\/wp\/v2\/posts"}],"about":[{"href":"https:\/\/cifpn1.com\/igualdad\/index.php?rest_route=\/wp\/v2\/types\/post"}],"author":[{"embeddable":true,"href":"https:\/\/cifpn1.com\/igualdad\/index.php?rest_route=\/wp\/v2\/users\/1"}],"replies":[{"embeddable":true,"href":"https:\/\/cifpn1.com\/igualdad\/index.php?rest_route=%2Fwp%2Fv2%2Fcomments&post=1050"}],"version-history":[{"count":5,"href":"https:\/\/cifpn1.com\/igualdad\/index.php?rest_route=\/wp\/v2\/posts\/1050\/revisions"}],"predecessor-version":[{"id":1092,"href":"https:\/\/cifpn1.com\/igualdad\/index.php?rest_route=\/wp\/v2\/posts\/1050\/revisions\/1092"}],"wp:attachment":[{"href":"https:\/\/cifpn1.com\/igualdad\/index.php?rest_route=%2Fwp%2Fv2%2Fmedia&parent=1050"}],"wp:term":[{"taxonomy":"category","embeddable":true,"href":"https:\/\/cifpn1.com\/igualdad\/index.php?rest_route=%2Fwp%2Fv2%2Fcategories&post=1050"},{"taxonomy":"post_tag","embeddable":true,"href":"https:\/\/cifpn1.com\/igualdad\/index.php?rest_route=%2Fwp%2Fv2%2Ftags&post=1050"}],"curies":[{"name":"wp","href":"https:\/\/api.w.org\/{rel}","templated":true}]}}