{"id":796,"date":"2012-11-30T09:27:18","date_gmt":"2012-11-30T08:27:18","guid":{"rendered":"http:\/\/www.cifpn1.com\/electronica\/?p=796"},"modified":"2018-05-15T13:22:40","modified_gmt":"2018-05-15T11:22:40","slug":"el-centro-integrado-participa-en-el-salon-internacional-de-material-electrico-electronico-madrid-matelec-2012","status":"publish","type":"post","link":"https:\/\/cifpn1.com\/electronica\/?p=796","title":{"rendered":"El Centro Integrado participa en el Sal\u00f3n Internacional de Material El\u00e9ctrico electr\u00f3nico Madrid MATELEC 2012"},"content":{"rendered":"<p style=\"text-align: justify;\"><a href=\"https:\/\/cifpn1.com\/electronica\/wp-content\/uploads\/2012\/11\/DSC07658.jpg\"><img loading=\"lazy\" decoding=\"async\" alt=\"\" class=\"aligncenter size-medium wp-image-800\" height=\"200\" src=\"https:\/\/cifpn1.com\/electronica\/wp-content\/uploads\/2012\/11\/DSC07658-300x200.jpg\" title=\"DSC07658\" width=\"300\" srcset=\"https:\/\/cifpn1.com\/electronica\/wp-content\/uploads\/2012\/11\/DSC07658-300x200.jpg 300w, https:\/\/cifpn1.com\/electronica\/wp-content\/uploads\/2012\/11\/DSC07658.jpg 1024w\" sizes=\"auto, (max-width: 300px) 100vw, 300px\" \/><\/a><\/p>\n<p style=\"text-align: justify;\">Matelec es la feria bienual del Material El&eacute;ctrico y Electr&oacute;nico. La feria re&uacute;ne a mas de 550 empresas del sector el&eacute;ctrico, electr&oacute;nico y de telecomunicaciones de 14 pa&iacute;ses que presentan en Madrid sus &uacute;ltimas novedades en Tecnolog&iacute;a para Instalaciones El&eacute;ctricas y Electr&oacute;nicas, Equipamiento Industrial, Generaci&oacute;n de Energ&iacute;a El&eacute;ctrica, Iluminaci&oacute;n y Alumbrado, y Telecomunicaciones.<\/p>\n<p style=\"text-align: justify;\">Durante la feria tuvo lugar el XII concurso nacional de j&oacute;venes instaladores electricistas y de telecomunicaciones MATELEC 2012 con representaci&oacute;n del Centro Integrado. La competici&oacute;n reuni&oacute; a un total de 22 alumnos, procedentes de Alicante, Badajoz, Cantabria, Cuenca, Hospitalet (Barcelona), Ja&eacute;n, Las Palmas, Lleida, Madrid, Mallorca, Navarra, Segovia, Sevilla, Tenerife, Toledo, Valencia, Valladolid, Zamora y Zaragoza.<\/p>\n<p style=\"text-align: justify;\"><a href=\"https:\/\/cifpn1.com\/electronica\/wp-content\/uploads\/2012\/11\/Participantes+y+Jurado+del+Concurso.jpg\"><img loading=\"lazy\" decoding=\"async\" alt=\"\" class=\"aligncenter size-medium wp-image-797\" height=\"200\" src=\"https:\/\/cifpn1.com\/electronica\/wp-content\/uploads\/2012\/11\/Participantes+y+Jurado+del+Concurso-300x200.jpg\" title=\"Participantes+y+Jurado+del+Concurso\" width=\"300\" srcset=\"https:\/\/cifpn1.com\/electronica\/wp-content\/uploads\/2012\/11\/Participantes+y+Jurado+del+Concurso-300x200.jpg 300w, https:\/\/cifpn1.com\/electronica\/wp-content\/uploads\/2012\/11\/Participantes+y+Jurado+del+Concurso-1024x682.jpg 1024w, https:\/\/cifpn1.com\/electronica\/wp-content\/uploads\/2012\/11\/Participantes+y+Jurado+del+Concurso.jpg 1600w\" sizes=\"auto, (max-width: 300px) 100vw, 300px\" \/><\/a><\/p>\n<p style=\"text-align: justify;\"><a href=\"https:\/\/cifpn1.com\/electronica\/wp-content\/uploads\/2012\/11\/DSC07668.jpg\"><img loading=\"lazy\" decoding=\"async\" alt=\"\" class=\"aligncenter size-medium wp-image-799\" height=\"200\" src=\"https:\/\/cifpn1.com\/electronica\/wp-content\/uploads\/2012\/11\/DSC07668-300x200.jpg\" title=\"DSC07668\" width=\"300\" srcset=\"https:\/\/cifpn1.com\/electronica\/wp-content\/uploads\/2012\/11\/DSC07668-300x200.jpg 300w, https:\/\/cifpn1.com\/electronica\/wp-content\/uploads\/2012\/11\/DSC07668.jpg 1024w\" sizes=\"auto, (max-width: 300px) 100vw, 300px\" \/><\/a><\/p>\n<p style=\"text-align: justify;\">&nbsp;<\/p>\n","protected":false},"excerpt":{"rendered":"<p>Matelec es la feria bienual del Material El&eacute;ctrico y Electr&oacute;nico. La feria re&uacute;ne a mas de 550 empresas del sector el&eacute;ctrico, electr&oacute;nico y de telecomunicaciones de 14 pa&iacute;ses que presentan en Madrid sus &uacute;ltimas novedades en Tecnolog&iacute;a para Instalaciones El&eacute;ctricas &hellip; <a href=\"https:\/\/cifpn1.com\/electronica\/?p=796\">Contin\u00faa leyendo <span class=\"meta-nav\">&rarr;<\/span><\/a><\/p>\n","protected":false},"author":23,"featured_media":0,"comment_status":"closed","ping_status":"closed","sticky":false,"template":"","format":"standard","meta":{"_monsterinsights_skip_tracking":false,"_monsterinsights_sitenote_active":false,"_monsterinsights_sitenote_note":"","_monsterinsights_sitenote_category":0,"footnotes":""},"categories":[1],"tags":[],"class_list":["post-796","post","type-post","status-publish","format-standard","hentry","category-noticia"],"aioseo_notices":[],"_links":{"self":[{"href":"https:\/\/cifpn1.com\/electronica\/index.php?rest_route=\/wp\/v2\/posts\/796","targetHints":{"allow":["GET"]}}],"collection":[{"href":"https:\/\/cifpn1.com\/electronica\/index.php?rest_route=\/wp\/v2\/posts"}],"about":[{"href":"https:\/\/cifpn1.com\/electronica\/index.php?rest_route=\/wp\/v2\/types\/post"}],"author":[{"embeddable":true,"href":"https:\/\/cifpn1.com\/electronica\/index.php?rest_route=\/wp\/v2\/users\/23"}],"replies":[{"embeddable":true,"href":"https:\/\/cifpn1.com\/electronica\/index.php?rest_route=%2Fwp%2Fv2%2Fcomments&post=796"}],"version-history":[{"count":8,"href":"https:\/\/cifpn1.com\/electronica\/index.php?rest_route=\/wp\/v2\/posts\/796\/revisions"}],"predecessor-version":[{"id":3572,"href":"https:\/\/cifpn1.com\/electronica\/index.php?rest_route=\/wp\/v2\/posts\/796\/revisions\/3572"}],"wp:attachment":[{"href":"https:\/\/cifpn1.com\/electronica\/index.php?rest_route=%2Fwp%2Fv2%2Fmedia&parent=796"}],"wp:term":[{"taxonomy":"category","embeddable":true,"href":"https:\/\/cifpn1.com\/electronica\/index.php?rest_route=%2Fwp%2Fv2%2Fcategories&post=796"},{"taxonomy":"post_tag","embeddable":true,"href":"https:\/\/cifpn1.com\/electronica\/index.php?rest_route=%2Fwp%2Fv2%2Ftags&post=796"}],"curies":[{"name":"wp","href":"https:\/\/api.w.org\/{rel}","templated":true}]}}