{"id":7208,"date":"2023-10-03T22:08:42","date_gmt":"2023-10-03T20:08:42","guid":{"rendered":"https:\/\/cifpn1.com\/electronica\/?p=7208"},"modified":"2023-10-03T22:09:48","modified_gmt":"2023-10-03T20:09:48","slug":"presentacion-de-ciclos-formativos-a-distancia","status":"publish","type":"post","link":"https:\/\/cifpn1.com\/electronica\/?p=7208","title":{"rendered":"Presentaci\u00f3n de Ciclos Formativos a DISTANCIA"},"content":{"rendered":"<p dir=\"ltr\"><img loading=\"lazy\" decoding=\"async\" class=\"aligncenter\" src=\"https:\/\/cifp.es\/images\/banners\/banner_inicio%20de%20curso%20cf%20distancia_632x336.png\" alt=\"\" width=\"632\" height=\"336\" \/><\/p>\n<p dir=\"ltr\">El pr\u00f3ximo mi\u00e9rcoles 4 de octubre tendr\u00e1 lugar la presentaci\u00f3n de los ciclos formativos de formaci\u00f3n a Distancia de Grado Medio y de Grado Superior de la familia profesional de Electricidad-Electr\u00f3nica.<\/p>\n<p dir=\"ltr\">La presentaci\u00f3n se realizar\u00e1 en el sal\u00f3n de actos del centro, seg\u00fan el siguiente horario:<\/p>\n<ul>\n<li>Presentaci\u00f3n CF de Grado Superior Sistemas Electrot\u00e9cnicos y Automatizados (DSEI)<\/li>\n<\/ul>\n<p dir=\"ltr\">Mi\u00e9rcoles 4, 16:30 h<\/p>\n<ul>\n<li>Presentaci\u00f3n CF de Grado Medio Instalaciones El\u00e9ctricas y Autom\u00e1ticas (DMEE)<\/li>\n<\/ul>\n<p dir=\"ltr\" role=\"presentation\">Mi\u00e9rcoles 4, 18:00 h<\/p>\n<p>La presentaci\u00f3n se realizar\u00e1 presencialmente y on-line simult\u00e1neamente. Para ambas, el enlace es el siguiente:<\/p>\n<p dir=\"ltr\" style=\"text-align: center\"><img loading=\"lazy\" decoding=\"async\" class=\"aligncenter\" src=\"https:\/\/lh5.googleusercontent.com\/oAS8srWBcSpSiVulJlrQxfK0NMBYnP0vjOCIRgCIcsfM4x0N0UF9ohOKQDVnjU1gtM0ybMGLMm8NPVi0Oc9cHi5W1kS6Me4c3RlJ5kLGpthWI_7Nz5jq8ey_9MpSaSsgrTvgpN-WI_f0bM4s1mUGuuE\" width=\"300\" height=\"168\" \/><br \/>\n<a href=\"https:\/\/meet.jit.si\/PresentacionCiclosDistanciaCIFPN1\">https:\/\/meet.jit.si\/PresentacionCiclosDistanciaCIFPN1<\/a><\/p>\n<p dir=\"ltr\">Se grabar\u00e1n y posteriormente se colocar\u00e1n en la Plataforma de Formaci\u00f3n a Distancia.<\/p>\n","protected":false},"excerpt":{"rendered":"<p>El pr\u00f3ximo mi\u00e9rcoles 4 de octubre tendr\u00e1 lugar la presentaci\u00f3n de los ciclos formativos de formaci\u00f3n a Distancia de Grado Medio y de Grado Superior de la familia profesional de Electricidad-Electr\u00f3nica. La presentaci\u00f3n se realizar\u00e1 en el sal\u00f3n de actos &hellip; <a href=\"https:\/\/cifpn1.com\/electronica\/?p=7208\">Contin\u00faa leyendo <span class=\"meta-nav\">&rarr;<\/span><\/a><\/p>\n","protected":false},"author":28,"featured_media":0,"comment_status":"closed","ping_status":"closed","sticky":false,"template":"","format":"standard","meta":{"_monsterinsights_skip_tracking":false,"_monsterinsights_sitenote_active":false,"_monsterinsights_sitenote_note":"","_monsterinsights_sitenote_category":0,"footnotes":""},"categories":[1,49],"tags":[94,95],"class_list":["post-7208","post","type-post","status-publish","format-standard","hentry","category-noticia","category-proyecto","tag-distancia","tag-presentacion"],"aioseo_notices":[],"_links":{"self":[{"href":"https:\/\/cifpn1.com\/electronica\/index.php?rest_route=\/wp\/v2\/posts\/7208","targetHints":{"allow":["GET"]}}],"collection":[{"href":"https:\/\/cifpn1.com\/electronica\/index.php?rest_route=\/wp\/v2\/posts"}],"about":[{"href":"https:\/\/cifpn1.com\/electronica\/index.php?rest_route=\/wp\/v2\/types\/post"}],"author":[{"embeddable":true,"href":"https:\/\/cifpn1.com\/electronica\/index.php?rest_route=\/wp\/v2\/users\/28"}],"replies":[{"embeddable":true,"href":"https:\/\/cifpn1.com\/electronica\/index.php?rest_route=%2Fwp%2Fv2%2Fcomments&post=7208"}],"version-history":[{"count":1,"href":"https:\/\/cifpn1.com\/electronica\/index.php?rest_route=\/wp\/v2\/posts\/7208\/revisions"}],"predecessor-version":[{"id":7209,"href":"https:\/\/cifpn1.com\/electronica\/index.php?rest_route=\/wp\/v2\/posts\/7208\/revisions\/7209"}],"wp:attachment":[{"href":"https:\/\/cifpn1.com\/electronica\/index.php?rest_route=%2Fwp%2Fv2%2Fmedia&parent=7208"}],"wp:term":[{"taxonomy":"category","embeddable":true,"href":"https:\/\/cifpn1.com\/electronica\/index.php?rest_route=%2Fwp%2Fv2%2Fcategories&post=7208"},{"taxonomy":"post_tag","embeddable":true,"href":"https:\/\/cifpn1.com\/electronica\/index.php?rest_route=%2Fwp%2Fv2%2Ftags&post=7208"}],"curies":[{"name":"wp","href":"https:\/\/api.w.org\/{rel}","templated":true}]}}