{"id":5637,"date":"2020-01-17T08:25:15","date_gmt":"2020-01-17T07:25:15","guid":{"rendered":"http:\/\/www.cifpn1.com\/electronica\/?p=5637"},"modified":"2020-04-26T16:44:52","modified_gmt":"2020-04-26T14:44:52","slug":"red-electrica-inicia-la-obra-de-la-linea-electrica-astillero-cacicedo","status":"publish","type":"post","link":"https:\/\/cifpn1.com\/electronica\/?p=5637","title":{"rendered":"Red El\u00e9ctrica inicia la obra de la l\u00ednea el\u00e9ctrica Astillero-Cacicedo"},"content":{"rendered":"<p style=\"text-align: right;\">\n\t<span style=\"color:#696969;\"><span style=\"font-size:14px;\"><strong><em>El proyecto, que discurre en un 98,37% por suelo p&uacute;blico, supondr&aacute; una inversi&oacute;n de 30 millones de euros.&nbsp;<\/em><\/strong><strong><em>Con una duraci&oacute;n estimada de 24 meses, se prev&eacute; su puesta en servicio en 2022<\/em><\/strong><\/span><\/span>\n<\/p>\n<p style=\"text-align: center;\">\n\t<img decoding=\"async\" alt=\"\" src=\"https:\/\/cifpn1.com\/electronica\/wp-content\/uploads\/file\/linea Astillero-Cacicedo.jpg\" style=\"width: 646px; height: 252px;\" \/>\n<\/p>\n<p style=\"text-align: right;\">\n\t<span style=\"font-size:12px;\"><strong>Notas de prensa || Red El&eacute;ctrica de Espa&ntilde;a<\/strong><\/span>\n<\/p>\n<div style=\"text-align: justify;\">\n\tRed El&eacute;ctrica de Espa&ntilde;a (REE) ha iniciado la obra de la l&iacute;nea el&eacute;ctrica subterr&aacute;nea que unir&aacute; Astillero y Cacicedo, un proyecto que cubrir&aacute; las necesidades de energ&iacute;a el&eacute;ctrica de la Bah&iacute;a de Santander y garantizar&aacute; la calidad del servicio de la industria que se concentra en esa &aacute;rea. De esta manera, se fomenta el desarrollo econ&oacute;mico en la zona y en el conjunto de la Comunidad.\n<\/div>\n<div style=\"text-align: justify;\">\n\t&nbsp;\n<\/div>\n<div style=\"text-align: justify;\">\n\tLa l&iacute;nea Astillero-Cacicedo, que se prev&eacute; entre en servicio a principios del a&ntilde;o 2022, es una nueva l&iacute;nea subterr&aacute;nea de transporte de energ&iacute;a el&eacute;ctrica de 220 kV (kilovoltios) de tensi&oacute;n con una longitud de 8,1 km cuyo trazado discurre por los t&eacute;rminos municipales de Astillero, 2,4 km, y Camargo, 5,7 km.\n<\/div>\n<div style=\"text-align: justify;\">\n\t&nbsp;\n<\/div>\n<div style=\"text-align: justify;\">\n\tEsta infraestructura, incluida en la Planificaci&oacute;n Energ&eacute;tica vigente, forma parte de las actuaciones programadas de mejora de la red de transporte en Cantabria para los pr&oacute;ximos a&ntilde;os que, en su conjunto, suponen una inversi&oacute;n de 61 millones de euros. En concreto, esta infraestructura asciende a casi 30 millones de euros.\n<\/div>\n<div style=\"text-align: justify;\">\n\t&nbsp;\n<\/div>\n<div style=\"text-align: justify;\">\n\tLa l&iacute;nea discurre en un 98,37% por suelo p&uacute;blico, no generando servidumbres, y &uacute;nicamente afecta a unos 133 metros de suelo privado, en su mayor&iacute;a, con ocupaciones temporales en fincas privadas. En este sentido, la compa&ntilde;&iacute;a ha alcanzado acuerdos amistosos con el 70% de los propietarios.\n<\/div>\n<div style=\"text-align: justify;\">\n\t&nbsp;\n<\/div>\n<div style=\"text-align: justify;\">\n\tPara el trazado de la nueva l&iacute;nea, se han analizado y estudiado todas las alternativas viables, primando el menor impacto social, medioambiental y visual. Adem&aacute;s, se han incorporado propuestas de los ayuntamientos y de particulares, dando como resultado una propuesta t&eacute;cnica y econ&oacute;micamente viable.<br \/>\n\t&nbsp;\n<\/div>\n<h4 style=\"text-align: justify;\">\n\tPara saber m&aacute;s<br \/>\n<\/h4>\n<ul>\n<li>\n<div>\n\t\t\t<a href=\"https:\/\/ree.juegocontrola.com\/\" target=\"_blank\">EXPOREE, Nuevo juego virtual Cotnrola.&nbsp;Ponte en el papel de un operador del Centro de Control El&eacute;ctrico! || Red El&eacute;ctrica<\/a>\n\t\t<\/div>\n<\/li>\n<\/ul>\n<div style=\"text-align: center;\">\n\t<a href=\"https:\/\/ree.juegocontrola.com\/\" target=\"_blank\"><img decoding=\"async\" alt=\"CLIC PARA ACCEDER AL JUEGO\" src=\"https:\/\/cifpn1.com\/electronica\/wp-content\/uploads\/file\/Juego Controla -REE.jpg\" style=\"width: 646px; height: 363px;\" \/><\/a><br \/>\n\t&nbsp;\n<\/div>\n<ul>\n<li>\n<div>\n\t\t\t<a href=\"https:\/\/www.ree.es\/es\/sala-de-prensa\/audiovisuales\" target=\"_blank\">Galer&iacute;a de audiovisuales | Red El&eacute;ctrica de Espa&ntilde;a<\/a>\n\t\t<\/div>\n<\/li>\n<\/ul>\n","protected":false},"excerpt":{"rendered":"<p>El proyecto, que discurre en un 98,37% por suelo p&uacute;blico, supondr&aacute; una inversi&oacute;n de 30 millones de euros.&nbsp;Con una duraci&oacute;n estimada de 24 meses, se prev&eacute; su puesta en servicio en 2022 Notas de prensa || Red El&eacute;ctrica de Espa&ntilde;a &hellip; <a href=\"https:\/\/cifpn1.com\/electronica\/?p=5637\">Contin\u00faa leyendo <span class=\"meta-nav\">&rarr;<\/span><\/a><\/p>\n","protected":false},"author":23,"featured_media":0,"comment_status":"open","ping_status":"closed","sticky":false,"template":"","format":"standard","meta":{"_monsterinsights_skip_tracking":false,"_monsterinsights_sitenote_active":false,"_monsterinsights_sitenote_note":"","_monsterinsights_sitenote_category":0,"footnotes":""},"categories":[1],"tags":[],"class_list":["post-5637","post","type-post","status-publish","format-standard","hentry","category-noticia"],"aioseo_notices":[],"_links":{"self":[{"href":"https:\/\/cifpn1.com\/electronica\/index.php?rest_route=\/wp\/v2\/posts\/5637","targetHints":{"allow":["GET"]}}],"collection":[{"href":"https:\/\/cifpn1.com\/electronica\/index.php?rest_route=\/wp\/v2\/posts"}],"about":[{"href":"https:\/\/cifpn1.com\/electronica\/index.php?rest_route=\/wp\/v2\/types\/post"}],"author":[{"embeddable":true,"href":"https:\/\/cifpn1.com\/electronica\/index.php?rest_route=\/wp\/v2\/users\/23"}],"replies":[{"embeddable":true,"href":"https:\/\/cifpn1.com\/electronica\/index.php?rest_route=%2Fwp%2Fv2%2Fcomments&post=5637"}],"version-history":[{"count":13,"href":"https:\/\/cifpn1.com\/electronica\/index.php?rest_route=\/wp\/v2\/posts\/5637\/revisions"}],"predecessor-version":[{"id":6384,"href":"https:\/\/cifpn1.com\/electronica\/index.php?rest_route=\/wp\/v2\/posts\/5637\/revisions\/6384"}],"wp:attachment":[{"href":"https:\/\/cifpn1.com\/electronica\/index.php?rest_route=%2Fwp%2Fv2%2Fmedia&parent=5637"}],"wp:term":[{"taxonomy":"category","embeddable":true,"href":"https:\/\/cifpn1.com\/electronica\/index.php?rest_route=%2Fwp%2Fv2%2Fcategories&post=5637"},{"taxonomy":"post_tag","embeddable":true,"href":"https:\/\/cifpn1.com\/electronica\/index.php?rest_route=%2Fwp%2Fv2%2Ftags&post=5637"}],"curies":[{"name":"wp","href":"https:\/\/api.w.org\/{rel}","templated":true}]}}