{"id":3909,"date":"2018-09-28T12:43:29","date_gmt":"2018-09-28T10:43:29","guid":{"rendered":"http:\/\/www.cifpn1.com\/electronica\/?p=3909"},"modified":"2019-12-26T17:59:07","modified_gmt":"2019-12-26T16:59:07","slug":"el-ruido-excesivo-nos-quita-ocho-meses-de-vida","status":"publish","type":"post","link":"https:\/\/cifpn1.com\/electronica\/?p=3909","title":{"rendered":"El ruido excesivo nos quita ocho meses de vida"},"content":{"rendered":"<h4>El gerente de la Asociaci&oacute;n Espa&ntilde;ola para la Calidad Ac&uacute;stica, Felipe Merino, explica a ABC.es el da&ntilde;o que produce en nuestra salud este tipo de contaminaci&oacute;n ambiental<\/h4>\n<p style=\"text-align: right;\">Guillermo Llona || <a href=\"https:\/\/www.abc.es\/sociedad\/salud-educacion.asp\">ABC.es &gt; Sociedad<\/a><\/p>\n<p style=\"text-align: center;\"><img decoding=\"async\" alt=\"\" src=\"https:\/\/www.abc.es\/Media\/201205\/04\/felipe-merino-aecor--644x362.jpg\" style=\"width: 640px; height: 360px;\" \/><br \/>\n\t<a href=\"http:\/\/www.abc.es\/fotos-sociedad\/20120504\/gerente-aecor-felipe-merino-1502753115864.html\"><em>Felipe Merino, gerente de AECOR<\/em><\/a><\/p>\n<p style=\"text-align: justify;\">&nbsp;La <a href=\"http:\/\/www.who.int\/es\/\">Organizaci&oacute;n Mundial de la Salud <\/a>(OMS) achaca a los factores ambientales la muerte de <strong>uno de cada cinco europeos<\/strong>. Despu&eacute;s de la contaminaci&oacute;n del aire, el exceso de ruido es la segunda de las causas m&aacute;s nocivas.<\/p>\n<p style=\"text-align: justify;\">&laquo;Con el paso del tiempo, el no disfrutar de un buen descanso <a href=\"http:\/\/www.abc.es\/20110622\/ciencia\/abci-vivir-gran-ciudad-produce-201106221348.html\">provoca estr&eacute;s prolongado y fatiga<\/a>. Adem&aacute;s, al final surgen problemas de <strong>insomnio, taquicardia, e incluso la sangre se puede espesar<\/strong>, dificult&aacute;ndose su circulaci&oacute;n por el cuerpo&raquo;, asegura el responsable de Aecor. Merino recuerda tambi&eacute;n que &laquo;es muy peligroso no descansar bien si se trabaja con determinados productos o maquinaria&raquo;.<\/p>\n<p><img decoding=\"async\" alt=\"\" src=\"https:\/\/cifpn1.com\/electronica\/wp-content\/uploads\/file\/ruido2.PNG\" style=\"text-align: justify; width: 171px; height: 154px; float: right;\" \/><\/p>\n<div>\n<div style=\"text-align: justify;\">El da&ntilde;o en la salud producido por este tipo de contaminaci&oacute;n ambiental es muy<a href=\"https:\/\/www.abc.es\/20120426\/natural-vivirenverde\/abci-contaminacion-ruido-201204261251.html\"> diferente en el campo y en la ciudad<\/a>. &laquo;Una persona que vive en la&nbsp;ciudad tiene <strong>m&aacute;s probabilidades de perder audici&oacute;n<\/strong> que una que vive en el campo. Las p&eacute;rdidas no son excesivas, pero a largo plazo s&iacute; se ven diferencias entre los da&ntilde;os sufridos por los habitantes de la ciudad y los que viven en el campo&raquo;, afirma Merino. El traslado de la ciudad al campo tambi&eacute;n puede acarrear alg&uacute;n problema a quien no est&aacute; habituado al <strong>silencio<\/strong>. &laquo;S&iacute; se necesita un tiempo de adaptaci&oacute;n, es el caso de gente que vive cerca de <a href=\"https:\/\/www.abc.es\/20120428\/local-madrid\/abci-tsjm-considera-sobrevuelos-molestos-201204272130.html\">aeropuertos<\/a>. No se suelen ver casos extremos, pero s&iacute; es cierto que durante las primeras noches en el campo la persona habituada a dormir con ruido de fondo elevado puede sentirse extra&ntilde;a&raquo;, explica el gerente de Aecor.<\/div>\n<p style=\"text-align: justify;\">Tambi&eacute;n existen diferencias seg&uacute;n el <strong>poder adquisitivo<\/strong> de los habitantes de un &aacute;rea determinada. La poblaci&oacute;n pobre est&aacute; cinco veces m&aacute;s expuesta a la contaminaci&oacute;n ac&uacute;stica que la poblaci&oacute;n rica. &laquo;Principalmente se debe a que las zonas pobres est&aacute;n m&aacute;s masificadas, cuanto mayor es el n&uacute;mero de habitantes, m&aacute;s ruido se genera; en una zona de chalets, al haber mayor tranquilidad, es menor el nivel de ruido&raquo;, explica Felipe Merino.<\/p>\n<h3 style=\"text-align: justify;\">Pol&iacute;ticas municipales<\/h3>\n<p style=\"text-align: justify;\">Las pol&iacute;ticas medioambientales en las grandes ciudades espa&ntilde;olas promocionan el uso del <strong>transporte p&uacute;blico y la bicicleta<\/strong>, pero desde algunas organizaciones ecologistas se critica que muchas de esas pol&iacute;ticas contra la contaminaci&oacute;n ac&uacute;stica est&aacute;n centradas en las <a href=\"https:\/\/www.abc.es\/20120425\/local-madrid\/abci-claves-ordenanza-municipal-contra-201204242057.html\">discotecas y zonas de ocio<\/a> nocturno, y descuidan otras partes de la ciudad y otras fuentes de ruido. Merino advierte, &laquo;se supone que la mayor&iacute;a de quejas ciudadanas van contra el ruido que se produce en los centros de ocio, como las discotecas, pero esto no es cierto, los j&oacute;venes que se divierten en la calle son la fuente del ruido. <strong>Una discoteca bien insonorizada no supone un problema para el vecino<\/strong>&raquo;. En cualquier caso, las principales fuentes de ruido en las ciudades son <strong>el tr&aacute;fico y las obras<\/strong>.<\/p>\n<p><img decoding=\"async\" alt=\"\" src=\"https:\/\/cifpn1.com\/electronica\/wp-content\/uploads\/file\/ruido1.PNG\" style=\"text-align: justify; width: 167px; height: 167px; float: right;\" \/><\/p>\n<div><span style=\"text-align: justify;\">En los grandes n&uacute;cleos urbanos se realizan estudios en las zonas con mayores niveles de contaminaci&oacute;n ac&uacute;stica para detectar problemas de insomnio y estr&eacute;s en su poblaci&oacute;n, &laquo;y tambi&eacute;n se hacen <\/span><strong style=\"text-align: justify;\">audiometr&iacute;as <\/strong><span style=\"text-align: justify;\">a trabajadores expuestos a altos niveles de ruido para medir la p&eacute;rdida de audici&oacute;n&raquo;, asegura Merino. Adem&aacute;s, el Ministerio de Agricultura, Alimentaci&oacute;n y Medio Ambiente cuenta con el <\/span><a href=\"http:\/\/sicaweb.cedex.es\/\" style=\"text-align: justify;\"><strong>Sistema B&aacute;sico de Informaci&oacute;n sobre la Contaminaci&oacute;n Ac&uacute;stica<\/strong><\/a><span style=\"text-align: justify;\"> (SICA).<\/span><\/div>\n<div>\n<p style=\"text-align: justify;\">En <strong>Madrid<\/strong>, buena parte de la poblaci&oacute;n sufre niveles de ruido que superan con creces los l&iacute;mites fijados por la normativa nacional y europea. En la <a href=\"http:\/\/www.madrid.es\/portales\/munimadrid\/es\/Inicio?vgnextfmt=default&amp;vgnextchannel=1ccd566813946010VgnVCM100000dc0ca8c0RCRD\">capital de Espa&ntilde;a<\/a>, si tomamos como referentes los valores l&iacute;mite de ruido que aconseja fijar la OMS y los registrados por las estaciones de medici&oacute;n, la <a href=\"http:\/\/www.madrid.mobi\/portales\/munimadrid\/es\/Inicio\/Ayuntamiento\/Urbanismo-e-Infraestructuras\/Direcciones-y-telefonos\/Recinto-Ferial-Casa-de-Campo?vgnextfmt=default&amp;vgnextoid=99a7395961e4f010VgnVCM2000000c205a0aRCRD&amp;vgnextchannel=c4f5ca1c5a057010VgnVCM100000dc0ca8c0RCRD\">Casa de Campo<\/a> es la &uacute;nica zona de la ciudad donde los madrile&ntilde;os no tienen que soportar ruido excesivo a ninguna hora del d&iacute;a.<\/p>\n<h3 style=\"text-align: justify;\">Una lucha europea<\/h3>\n<p style=\"text-align: justify;\">La <a href=\"http:\/\/europa.eu\/index_es.htm\">Uni&oacute;n Europea<\/a> obliga a sus miembros a fijar unos objetivos de calidad ac&uacute;stica. En <strong>Espa&ntilde;a<\/strong>, los l&iacute;mites fijados para las zonas residenciales son de 65 dB (decibelios) durante el d&iacute;a y 55 dB durante la noche. Si el l&iacute;mite diurno coincide con el que pide la OMS, la cifra nocturna supera la recomendada por este organismo de <a href=\"http:\/\/www.un.org\/es\/\">Naciones Unidas<\/a>, que aconseja fijar el l&iacute;mite entre los 45 y los 50 dB. En otros pa&iacute;ses de la UE los valores l&iacute;mite fijados por sus gobiernos son mucho m&aacute;s exigentes que en Espa&ntilde;a. As&iacute;, en <strong>Italia<\/strong>, el l&iacute;mite de ruido diurno es de 55 dB, y el nocturno de 45 dB. En <strong>Alemania <\/strong>estos valores est&aacute;n fijados en los 59 dB durante el d&iacute;a y los 49 dB durante la noche.<\/p>\n<p style=\"text-align: justify;\">Seg&uacute;n un estudio de la OMS, Espa&ntilde;a es el segundo pa&iacute;s m&aacute;s ruidoso del mundo. <strong>S&oacute;lo los japoneses tienen que soportar a diario m&aacute;s ruido que los espa&ntilde;oles<\/strong>. Los expertos en ac&uacute;stica recuerdan que los <strong>ruidos que superan los 70 dB provocan da&ntilde;os<\/strong> en la salud. Y la <a href=\"http:\/\/www.eea.europa.eu\/es\">Agencia Europea de Medio Ambiente<\/a> que el riesgo para la salud que supone la contaminaci&oacute;n ac&uacute;stica es &laquo;muy superior a los del tabaquismo pasivo y la contaminaci&oacute;n de aire por ozono y part&iacute;culas, temas que reciben mayor atenci&oacute;n por las administraciones&raquo;.<\/p>\n<h3>Los &laquo;cazarruidos&raquo;<\/h3>\n<p style=\"margin-left: 40px; text-align: justify;\">La iniciativa privada tambi&eacute;n ha puesto sobre la mesa el problema que para la salud y la calidad de vida de los ciudadanos supone la contaminaci&oacute;n ac&uacute;stica. As&iacute;, Centros Auditivos Gaes y Seguros M&eacute;dicos DKV pusieron en marcha una campa&ntilde;a de sensibilizaci&oacute;n para el D&iacute;a Internacional de Concienciaci&oacute;n sobre el Ruido. Un equipo de &laquo;cazarruidos&raquo; recorri&oacute; las calles de Madrid, Barcelona, La Coru&ntilde;a y M&aacute;laga poniendo simb&oacute;licas multas a quienes provocasen ruido por encima del l&iacute;mite de 65 dB, e inform&aacute;ndoles de las consecuencias nocivas que para la salud tiene este exceso. Una forma divertida de denunciar este tipo de contaminaci&oacute;n ambiental.<\/p>\n<h4 style=\"text-align: justify;\">M&aacute;s INFO:<\/h4>\n<ul>\n<li>&laquo;El ruido excesivo nos quita ocho meses de vida&raquo; &#8211; ABC.es<br \/>\n\t\t\t\t<a href=\"https:\/\/www.abc.es\/20120506\/sociedad\/abci-ruido-felipe-merino-201205041613.html\" target=\"_blank\">https:\/\/www.abc.es\/20120506\/sociedad\/abci-ruido-felipe-merino-201205041613.html<\/a><\/li>\n<\/ul><\/div>\n<\/div>\n","protected":false},"excerpt":{"rendered":"<p>El gerente de la Asociaci\u00f3n Espa\u00f1ola para la Calidad Ac\u00fastica (Aecor), Felipe Merino, ha explicado a ABC.es el da\u00f1o que produce en nuestra salud el exceso de ruido, un tipo de contaminaci\u00f3n ambiental con el que convivimos a diario. Merino advierte, \u00abhay estudios que afirman que debido al ruido excesivo cada persona pierde 8,2 meses de vida\u00bb. <a href=\"https:\/\/cifpn1.com\/electronica\/?p=3909\">Contin\u00faa leyendo <span class=\"meta-nav\">&rarr;<\/span><\/a><\/p>\n","protected":false},"author":23,"featured_media":0,"comment_status":"closed","ping_status":"closed","sticky":false,"template":"","format":"standard","meta":{"_monsterinsights_skip_tracking":false,"_monsterinsights_sitenote_active":false,"_monsterinsights_sitenote_note":"","_monsterinsights_sitenote_category":0,"footnotes":""},"categories":[1],"tags":[],"class_list":["post-3909","post","type-post","status-publish","format-standard","hentry","category-noticia"],"aioseo_notices":[],"_links":{"self":[{"href":"https:\/\/cifpn1.com\/electronica\/index.php?rest_route=\/wp\/v2\/posts\/3909","targetHints":{"allow":["GET"]}}],"collection":[{"href":"https:\/\/cifpn1.com\/electronica\/index.php?rest_route=\/wp\/v2\/posts"}],"about":[{"href":"https:\/\/cifpn1.com\/electronica\/index.php?rest_route=\/wp\/v2\/types\/post"}],"author":[{"embeddable":true,"href":"https:\/\/cifpn1.com\/electronica\/index.php?rest_route=\/wp\/v2\/users\/23"}],"replies":[{"embeddable":true,"href":"https:\/\/cifpn1.com\/electronica\/index.php?rest_route=%2Fwp%2Fv2%2Fcomments&post=3909"}],"version-history":[{"count":9,"href":"https:\/\/cifpn1.com\/electronica\/index.php?rest_route=\/wp\/v2\/posts\/3909\/revisions"}],"predecessor-version":[{"id":5063,"href":"https:\/\/cifpn1.com\/electronica\/index.php?rest_route=\/wp\/v2\/posts\/3909\/revisions\/5063"}],"wp:attachment":[{"href":"https:\/\/cifpn1.com\/electronica\/index.php?rest_route=%2Fwp%2Fv2%2Fmedia&parent=3909"}],"wp:term":[{"taxonomy":"category","embeddable":true,"href":"https:\/\/cifpn1.com\/electronica\/index.php?rest_route=%2Fwp%2Fv2%2Fcategories&post=3909"},{"taxonomy":"post_tag","embeddable":true,"href":"https:\/\/cifpn1.com\/electronica\/index.php?rest_route=%2Fwp%2Fv2%2Ftags&post=3909"}],"curies":[{"name":"wp","href":"https:\/\/api.w.org\/{rel}","templated":true}]}}