{"id":3837,"date":"2018-06-29T10:07:27","date_gmt":"2018-06-29T08:07:27","guid":{"rendered":"http:\/\/www.cifpn1.com\/electronica\/?p=3837"},"modified":"2018-09-08T22:46:34","modified_gmt":"2018-09-08T20:46:34","slug":"convocatoria-examenes-de-septiembre-2018","status":"publish","type":"post","link":"https:\/\/cifpn1.com\/electronica\/?p=3837","title":{"rendered":"Convocatoria ex\u00e1menes de septiembre 2018"},"content":{"rendered":"<p style=\"text-align: justify;\">Aqu&iacute; tenemos las fechas y lugares de examen correspondientes a la convocatoria de septiembre, para los m&oacute;dulos de los Ciclos Formativos de Electricidad-Electr&oacute;nica:<\/p>\n<p style=\"text-align: center;\"><a href=\"https:\/\/docs.google.com\/document\/d\/17D0jihDYkPgZBmi0sYZioW9ZnS1t5zSxxTMSOmySQus\/edit?usp=sharing\" target=\"_blank\"><img decoding=\"async\" alt=\"\" src=\"https:\/\/cifpn1.com\/electronica\/wp-content\/uploads\/icon_html_x180.png\" style=\"width: 180px; height: 180px;\" \/><br \/>\n\tc<\/a><a href=\"https:\/\/docs.google.com\/document\/d\/e\/2PACX-1vT02ddoSh5DtHY1hLwd5mrHFi_9A2Jq4OmVT3I6EroIc1MZDZRA40slreREMIv2JJ6_2-KvQ1-eMCVX\/pub\" target=\"_blank\">lic en la imagen para ver el documento<\/a><\/p>\n<p style=\"text-align: justify;\">Para los\/as que tengan que presentarse, recordad que:<\/p>\n<ul>\n<li style=\"text-align: justify;\">La puntualidad es primordial; se reserva el derecho de admisi&oacute;n pasados 10 min del comienzo de la prueba.<\/li>\n<li style=\"text-align: justify;\">Deb&eacute;is acudir con todo el material t&eacute;cnico necesario para una prueba pr&aacute;ctica, en su caso.<\/li>\n<li style=\"text-align: justify;\">Es posible que en alg&uacute;n m&oacute;dulo se requiera la presentaci&oacute;n de memorias y\/o trabajos; no los olvid&eacute;is en casa.<\/li>\n<li style=\"text-align: justify;\">Para reducir los nervios del examen, ayuda mucho haber estudiado antes.<\/li>\n<\/ul>\n<h4 style=\"text-align: center;\">&iexcl;&iexcl;Suerte!!<\/h4>\n<p>&nbsp;<\/p>\n","protected":false},"excerpt":{"rendered":"<p>Aqu\u00ed tenemos las fechas y lugares de examen correspondientes a la convocatoria de septiembre, para los m\u00f3dulos de los Ciclos Formativos de Electricidad-Electr\u00f3nica. <a href=\"https:\/\/cifpn1.com\/electronica\/?p=3837\">Contin\u00faa leyendo <span class=\"meta-nav\">&rarr;<\/span><\/a><\/p>\n","protected":false},"author":23,"featured_media":0,"comment_status":"closed","ping_status":"closed","sticky":false,"template":"","format":"standard","meta":{"_monsterinsights_skip_tracking":false,"_monsterinsights_sitenote_active":false,"_monsterinsights_sitenote_note":"","_monsterinsights_sitenote_category":0,"footnotes":""},"categories":[1],"tags":[],"class_list":["post-3837","post","type-post","status-publish","format-standard","hentry","category-noticia"],"aioseo_notices":[],"_links":{"self":[{"href":"https:\/\/cifpn1.com\/electronica\/index.php?rest_route=\/wp\/v2\/posts\/3837","targetHints":{"allow":["GET"]}}],"collection":[{"href":"https:\/\/cifpn1.com\/electronica\/index.php?rest_route=\/wp\/v2\/posts"}],"about":[{"href":"https:\/\/cifpn1.com\/electronica\/index.php?rest_route=\/wp\/v2\/types\/post"}],"author":[{"embeddable":true,"href":"https:\/\/cifpn1.com\/electronica\/index.php?rest_route=\/wp\/v2\/users\/23"}],"replies":[{"embeddable":true,"href":"https:\/\/cifpn1.com\/electronica\/index.php?rest_route=%2Fwp%2Fv2%2Fcomments&post=3837"}],"version-history":[{"count":16,"href":"https:\/\/cifpn1.com\/electronica\/index.php?rest_route=\/wp\/v2\/posts\/3837\/revisions"}],"predecessor-version":[{"id":3874,"href":"https:\/\/cifpn1.com\/electronica\/index.php?rest_route=\/wp\/v2\/posts\/3837\/revisions\/3874"}],"wp:attachment":[{"href":"https:\/\/cifpn1.com\/electronica\/index.php?rest_route=%2Fwp%2Fv2%2Fmedia&parent=3837"}],"wp:term":[{"taxonomy":"category","embeddable":true,"href":"https:\/\/cifpn1.com\/electronica\/index.php?rest_route=%2Fwp%2Fv2%2Fcategories&post=3837"},{"taxonomy":"post_tag","embeddable":true,"href":"https:\/\/cifpn1.com\/electronica\/index.php?rest_route=%2Fwp%2Fv2%2Ftags&post=3837"}],"curies":[{"name":"wp","href":"https:\/\/api.w.org\/{rel}","templated":true}]}}