{"id":1268,"date":"2015-11-20T23:58:51","date_gmt":"2015-11-20T22:58:51","guid":{"rendered":"http:\/\/www.cifpn1.com\/electronica\/?p=1268"},"modified":"2019-12-25T14:14:55","modified_gmt":"2019-12-25T13:14:55","slug":"red-electrica-de-espana-demanda-y-produccion-en-tiempo-real","status":"publish","type":"post","link":"https:\/\/cifpn1.com\/electronica\/?p=1268","title":{"rendered":"Red El\u00e9ctrica de Espa\u00f1a. Demanda y producci\u00f3n en tiempo real 2015"},"content":{"rendered":"<p style=\"text-align: justify;\"><span style=\"font-family:tahoma,geneva,sans-serif;\">Red El&eacute;ctrica representa en los siguientes gr&aacute;ficos la demanda de energ&iacute;a que se est&aacute; produciendo en el sistema el&eacute;ctrico peninsular en tiempo real. Estos gr&aacute;ficos se actualizan cada diez minutos e incluyen datos de la demanda real, prevista y programada, as&iacute; como los valores de m&aacute;ximos y m&iacute;nimos de la demanda diaria.<\/span><\/p>\n<p style=\"text-align: center;\"><span style=\"font-family:tahoma,geneva,sans-serif;\"><a href=\"https:\/\/demanda.ree.es\/demanda.html\" target=\"_blank\"><img decoding=\"async\" alt=\"\" src=\"https:\/\/cifpn1.com\/electronica\/wp-content\/uploads\/file\/DEMANDApeninsular (2).jpg\" style=\"width: 590px; height: 330px;\" \/><\/a><\/span><\/p>\n<p style=\"text-align: justify;\"><span style=\"font-family:tahoma,geneva,sans-serif;\">Junto a las curvas, se presenta informaci&oacute;n de las distintas tecnolog&iacute;as de producci&oacute;n o componentes de generaci&oacute;n necesarios para cubrir la demanda, incluyendo la energ&iacute;a destinada a la exportaci&oacute;n y a los consumos en bombeo.<\/span><\/p>\n<p style=\"text-align: justify;\"><span style=\"font-family:tahoma,geneva,sans-serif;\">As&iacute; mismo se muestran las emisiones de CO<sub>2<\/sub> asociadas al parque de generaci&oacute;n peninsular espa&ntilde;ol, que representa en torno al 28% de las emisiones totales.<\/span><\/p>\n<p style=\"text-align: justify;\"><span style=\"font-family:tahoma,geneva,sans-serif;\">Junto a la estructura de generaci&oacute;n se presentan el total de emisiones de CO<sub>2<\/sub> producidas por el parque de generaci&oacute;n peninsular espa&ntilde;ol y el detalle por fuentes de energ&iacute;a.<\/span><\/p>\n<p style=\"text-align: justify;\"><span style=\"font-family:tahoma,geneva,sans-serif;\">Son calculados asociando a cada tecnolog&iacute;a el factor de emisi&oacute;n recogido en el Plan Espa&ntilde;ol de Energ&iacute;as Renovables 2005-2010, en l&iacute;nea con la Decisi&oacute;n de la Comisi&oacute;n Europea 2007\/589\/CE.<\/span><\/p>\n<ul>\n<li>\n<p style=\"text-align: justify;\"><span style=\"font-family:tahoma,geneva,sans-serif;\"><strong>La demanda real<\/strong> (curva amarilla) refleja el valor instant&aacute;neo de la demanda de energ&iacute;a el&eacute;ctrica.<\/span><\/p>\n<\/li>\n<li>\n<p style=\"text-align: justify;\"><span style=\"font-family:tahoma,geneva,sans-serif;\"><strong>La previsi&oacute;n de la demanda <\/strong>(curva verde) es elaborada por Red El&eacute;ctrica con los valores de consumo en periodos precedentes similares, corrigi&eacute;ndola con una serie de factores que influyen en el consumo como laboralidad, climatolog&iacute;a y actividad econ&oacute;mica.<\/span><\/p>\n<\/li>\n<li>\n<p style=\"text-align: justify;\"><span style=\"font-family:tahoma,geneva,sans-serif;\"><strong>La programaci&oacute;n horaria operativa<\/strong> (l&iacute;nea escalonada roja) es la producci&oacute;n programada para los grupos de generaci&oacute;n a los que se haya adjudicado el suministro de energ&iacute;a en la casaci&oacute;n de los mercados diario e intradiario, as&iacute; como en los mercados de gesti&oacute;n de desv&iacute;os y regulaci&oacute;n terciaria. Estos dos &uacute;ltimos son gestionados por Red El&eacute;ctrica teniendo en cuenta la evoluci&oacute;n de la demanda.<\/span><\/p>\n<\/li>\n<\/ul>\n<p style=\"text-align: justify;\"><span style=\"font-family:tahoma,geneva,sans-serif;\">El gr&aacute;fico de demanda de electricidad por intervalos permite, adem&aacute;s, analizar la demanda peninsular durante diferentes intervalos temporales y ayuda a comprobar comportamientos homog&eacute;neos en la demanda diaria.<\/span><\/p>\n<h2 style=\"text-align: center;\"><span style=\"font-family:tahoma,geneva,sans-serif;\"><span style=\"color:#ff0000;\"><span style=\"font-size: 16px;\">Gr&aacute;ficos de demanda y producci&oacute;n en tiempo real<\/span><\/span><\/span><\/h2>\n<ul style=\"margin-left: 40px;\">\n<li><span style=\"font-family:tahoma,geneva,sans-serif;\"><strong><span style=\"color:#0000ff;\"><span style=\"font-size: 16px;\"><a href=\"https:\/\/demanda.ree.es\/demanda.html\" target=\"_blank\">Versi&oacute;n PC (necesita Flash)<\/a><\/span><\/span><\/strong><\/span><br \/>\n\t\t&nbsp;<\/li>\n<li><span style=\"font-family:tahoma,geneva,sans-serif;\"><strong><a href=\"https:\/\/demanda.ree.es\/movil\/peninsula\/demanda\/total\/2015-11-11\" target=\"_blank\"><span style=\"color:#0000ff;\"><span style=\"font-size: 16px;\">Versi&oacute;n M&oacute;vil<\/span><\/span><\/a><\/strong><\/span><\/li>\n<\/ul>\n","protected":false},"excerpt":{"rendered":"<p>Red El&eacute;ctrica representa en los siguientes gr&aacute;ficos la demanda de energ&iacute;a que se est&aacute; produciendo en el sistema el&eacute;ctrico peninsular en tiempo real. Estos gr&aacute;ficos se actualizan cada diez minutos e incluyen datos de la demanda real, prevista y programada, &hellip; <a href=\"https:\/\/cifpn1.com\/electronica\/?p=1268\">Contin\u00faa leyendo <span class=\"meta-nav\">&rarr;<\/span><\/a><\/p>\n","protected":false},"author":23,"featured_media":0,"comment_status":"closed","ping_status":"closed","sticky":false,"template":"","format":"standard","meta":{"_monsterinsights_skip_tracking":false,"_monsterinsights_sitenote_active":false,"_monsterinsights_sitenote_note":"","_monsterinsights_sitenote_category":0,"footnotes":""},"categories":[1],"tags":[],"class_list":["post-1268","post","type-post","status-publish","format-standard","hentry","category-noticia"],"aioseo_notices":[],"_links":{"self":[{"href":"https:\/\/cifpn1.com\/electronica\/index.php?rest_route=\/wp\/v2\/posts\/1268","targetHints":{"allow":["GET"]}}],"collection":[{"href":"https:\/\/cifpn1.com\/electronica\/index.php?rest_route=\/wp\/v2\/posts"}],"about":[{"href":"https:\/\/cifpn1.com\/electronica\/index.php?rest_route=\/wp\/v2\/types\/post"}],"author":[{"embeddable":true,"href":"https:\/\/cifpn1.com\/electronica\/index.php?rest_route=\/wp\/v2\/users\/23"}],"replies":[{"embeddable":true,"href":"https:\/\/cifpn1.com\/electronica\/index.php?rest_route=%2Fwp%2Fv2%2Fcomments&post=1268"}],"version-history":[{"count":15,"href":"https:\/\/cifpn1.com\/electronica\/index.php?rest_route=\/wp\/v2\/posts\/1268\/revisions"}],"predecessor-version":[{"id":1270,"href":"https:\/\/cifpn1.com\/electronica\/index.php?rest_route=\/wp\/v2\/posts\/1268\/revisions\/1270"}],"wp:attachment":[{"href":"https:\/\/cifpn1.com\/electronica\/index.php?rest_route=%2Fwp%2Fv2%2Fmedia&parent=1268"}],"wp:term":[{"taxonomy":"category","embeddable":true,"href":"https:\/\/cifpn1.com\/electronica\/index.php?rest_route=%2Fwp%2Fv2%2Fcategories&post=1268"},{"taxonomy":"post_tag","embeddable":true,"href":"https:\/\/cifpn1.com\/electronica\/index.php?rest_route=%2Fwp%2Fv2%2Ftags&post=1268"}],"curies":[{"name":"wp","href":"https:\/\/api.w.org\/{rel}","templated":true}]}}