{"id":439,"date":"2024-11-17T20:41:54","date_gmt":"2024-11-17T19:41:54","guid":{"rendered":"https:\/\/cifpn1.com\/calidad\/?p=439"},"modified":"2024-11-17T20:41:54","modified_gmt":"2024-11-17T19:41:54","slug":"proyecto-de-eficiencia-energetica-fase-1","status":"publish","type":"post","link":"https:\/\/cifpn1.com\/calidad\/?p=439","title":{"rendered":"Proyecto de eficiencia energ\u00e9tica fase 1"},"content":{"rendered":"<a href=\"https:\/\/cifpn1.com\/calidad\/wp-content\/uploads\/2024\/11\/Vision-general-del-proyecto-de-eficiencia.pdf\" class=\"pdfemb-viewer\" style=\"width:656px;height:2100px;\" data-width=\"656\" data-height=\"2100\" data-toolbar=\"bottom\" data-toolbar-fixed=\"on\">Vision general del proyecto de eficiencia<\/a>\n<p>El proyecto ha consistido en construir un sistema dise\u00f1ado para medir, monitorizar y registrar diversos par\u00e1metros energ\u00e9ticos y ambientales en nuestro Centro de formaci\u00f3n profesional n\u00ba 1.<\/p>\n<p><strong>Objetivos principales:<\/strong><\/p>\n<ol>\n<li><strong>Monitorizaci\u00f3n energ\u00e9tica:<\/strong>\n<ul>\n<li>Registro del consumo energ\u00e9tico de electricidad y gas.<\/li>\n<li>Seguimiento de la generaci\u00f3n de energ\u00eda el\u00e9ctrica.<\/li>\n<\/ul>\n<\/li>\n<li><strong>Integraci\u00f3n de variables IoT:<\/strong>\n<ul>\n<li>Uso de sensores para medir temperatura, niveles de CO2 y datos meteorol\u00f3gicos.<\/li>\n<\/ul>\n<\/li>\n<li><strong>Seguridad:<\/strong>\n<ul>\n<li>Creaci\u00f3n de un sistema de alarmas para alertar sobre peligros o eventos imprevistos.<\/li>\n<\/ul>\n<\/li>\n<li><strong>Innovaci\u00f3n educativa:<\/strong>\n<ul>\n<li>Implementaci\u00f3n de mejoras en instalaciones con la participaci\u00f3n activa del alumnado a medio plazo. Esto incluye:\n<ul>\n<li>Formaci\u00f3n mediante m\u00f3dulos profesionales con un enfoque investigativo.<\/li>\n<li>Colaboraci\u00f3n con empresas para facilitar la inserci\u00f3n laboral.<\/li>\n<\/ul>\n<\/li>\n<\/ul>\n<\/li>\n<\/ol>\n<p><strong>Esquema general del sistema:<\/strong><\/p>\n<p>El sistema se distribuye en varias \u00e1reas clave del centro, incluyendo:<\/p>\n<ul>\n<li><strong>Edificio de electricidad y automoci\u00f3n:<\/strong>\n<ul>\n<li>Instrumentos para medir el consumo y generaci\u00f3n de energ\u00eda el\u00e9ctrica.<\/li>\n<li>Dispositivos de control como electrov\u00e1lvulas para calefacci\u00f3n y sensores ambientales.<\/li>\n<\/ul>\n<\/li>\n<li><strong>Edificio principal:<\/strong>\n<ul>\n<li>Sensores y dispositivos de monitorizaci\u00f3n para gas, presi\u00f3n y temperatura.<\/li>\n<li>Uso de infraestructura como fibra \u00f3ptica para conectar diferentes componentes.<\/li>\n<li>Integraci\u00f3n con una estaci\u00f3n meteorol\u00f3gica para registrar datos clim\u00e1ticos.<\/li>\n<\/ul>\n<\/li>\n<\/ul>\n<p><strong>Tecnolog\u00eda y comunicaci\u00f3n:<\/strong><\/p>\n<p>El sistema utiliza tecnolog\u00edas modernas como <strong>gateway LoRa<\/strong> y fibra \u00f3ptica para garantizar la conectividad entre sensores y servidores centrales.<\/p>\n<p><strong>Proyecci\u00f3n educativa y sostenibilidad:<\/strong><\/p>\n<p>Este modelo fomenta la formaci\u00f3n pr\u00e1ctica de los estudiantes, quienes participar\u00e1n activamente en su mejora a lo largo de los a\u00f1os. Adem\u00e1s, se establece una conexi\u00f3n con el entorno laboral mediante colaboraciones con empresas, promoviendo la transici\u00f3n hacia la sostenibilidad y la innovaci\u00f3n.<\/p>\n<p>En resumen, el proyecto combina educaci\u00f3n, tecnolog\u00eda y sostenibilidad, creando un entorno pr\u00e1ctico para el aprendizaje y el desarrollo de competencias avanzadas en la gesti\u00f3n energ\u00e9tica y ambiental.<\/p>\n","protected":false},"excerpt":{"rendered":"<p>El proyecto ha consistido en construir un sistema dise\u00f1ado para medir, monitorizar y registrar diversos par\u00e1metros energ\u00e9ticos y ambientales en nuestro Centro de formaci\u00f3n profesional n\u00ba 1. Objetivos principales: Monitorizaci\u00f3n energ\u00e9tica: Registro del consumo energ\u00e9tico de electricidad y gas. Seguimiento &hellip; <a href=\"https:\/\/cifpn1.com\/calidad\/?p=439\">Contin\u00faa leyendo <span class=\"meta-nav\">&rarr;<\/span><\/a><\/p>\n","protected":false},"author":6,"featured_media":0,"comment_status":"closed","ping_status":"closed","sticky":false,"template":"","format":"standard","meta":{"footnotes":""},"categories":[1],"tags":[],"class_list":["post-439","post","type-post","status-publish","format-standard","hentry","category-uncategorized"],"_links":{"self":[{"href":"https:\/\/cifpn1.com\/calidad\/index.php?rest_route=\/wp\/v2\/posts\/439","targetHints":{"allow":["GET"]}}],"collection":[{"href":"https:\/\/cifpn1.com\/calidad\/index.php?rest_route=\/wp\/v2\/posts"}],"about":[{"href":"https:\/\/cifpn1.com\/calidad\/index.php?rest_route=\/wp\/v2\/types\/post"}],"author":[{"embeddable":true,"href":"https:\/\/cifpn1.com\/calidad\/index.php?rest_route=\/wp\/v2\/users\/6"}],"replies":[{"embeddable":true,"href":"https:\/\/cifpn1.com\/calidad\/index.php?rest_route=%2Fwp%2Fv2%2Fcomments&post=439"}],"version-history":[{"count":4,"href":"https:\/\/cifpn1.com\/calidad\/index.php?rest_route=\/wp\/v2\/posts\/439\/revisions"}],"predecessor-version":[{"id":445,"href":"https:\/\/cifpn1.com\/calidad\/index.php?rest_route=\/wp\/v2\/posts\/439\/revisions\/445"}],"wp:attachment":[{"href":"https:\/\/cifpn1.com\/calidad\/index.php?rest_route=%2Fwp%2Fv2%2Fmedia&parent=439"}],"wp:term":[{"taxonomy":"category","embeddable":true,"href":"https:\/\/cifpn1.com\/calidad\/index.php?rest_route=%2Fwp%2Fv2%2Fcategories&post=439"},{"taxonomy":"post_tag","embeddable":true,"href":"https:\/\/cifpn1.com\/calidad\/index.php?rest_route=%2Fwp%2Fv2%2Ftags&post=439"}],"curies":[{"name":"wp","href":"https:\/\/api.w.org\/{rel}","templated":true}]}}