{"id":306,"date":"2019-12-20T11:17:48","date_gmt":"2019-12-20T10:17:48","guid":{"rendered":"http:\/\/cifpn1.com\/calidad\/?p=306"},"modified":"2020-04-26T13:30:33","modified_gmt":"2020-04-26T11:30:33","slug":"video-promocional-de-la-formacion-profesional-en-cantabria","status":"publish","type":"post","link":"https:\/\/cifpn1.com\/calidad\/?p=306","title":{"rendered":"Video promocional de la Formaci\u00f3n Profesional en Cantabria"},"content":{"rendered":"<p style=\"text-align: justify;\">La Consejer\u00eda de Educaci\u00f3n, Cultura y Deporte de Cantabria, a trav\u00e9s de la Direcci\u00f3n General de Formaci\u00f3n Profesional y Educaci\u00f3n Permanente, en el marco del Plan General de las Cualificaciones y de la Formaci\u00f3n Profesional, desarrolla diversas acciones de informaci\u00f3n y promoci\u00f3n de las ense\u00f1anzas de Formaci\u00f3n Profesional en Cantabria.<\/p>\n<p style=\"text-align: justify;\">Entre esas acciones, se han elaborando nuevos v\u00eddeos informativos sobre las diferentes familias profesionales de FP. Como es costumbre, en ellos han participado alumnos, profesores y empresas de todos los \u00e1mbitos de la regi\u00f3n.<\/p>\nhttp:\/\/educantabria.tv\/resources\/20150205jkVkShcb1n\/content\/vcompress.mp4\n<ul>\n<li><strong>Acceso a\u00a0<a href=\"http:\/\/educantabria.tv\/channel\/formacion-profesional\/menu.html?account=educantabria\" target=\"_blank\" rel=\"noopener noreferrer\">otros v\u00eddeos de otras Familias Profesionales, desde educantabriatv<\/a><\/strong><\/li>\n<\/ul>\n","protected":false},"excerpt":{"rendered":"<p>La Consejer\u00eda de Educaci\u00f3n, Cultura y Deporte de Cantabria, a trav\u00e9s de la Direcci\u00f3n General de Formaci\u00f3n Profesional y Educaci\u00f3n Permanente, en el marco del Plan General de las Cualificaciones y de la Formaci\u00f3n Profesional, desarrolla diversas acciones de informaci\u00f3n &hellip; <a href=\"https:\/\/cifpn1.com\/calidad\/?p=306\">Contin\u00faa leyendo <span class=\"meta-nav\">&rarr;<\/span><\/a><\/p>\n","protected":false},"author":4,"featured_media":0,"comment_status":"closed","ping_status":"closed","sticky":false,"template":"","format":"standard","meta":{"footnotes":""},"categories":[12],"tags":[],"class_list":["post-306","post","type-post","status-publish","format-standard","hentry","category-promocional"],"_links":{"self":[{"href":"https:\/\/cifpn1.com\/calidad\/index.php?rest_route=\/wp\/v2\/posts\/306","targetHints":{"allow":["GET"]}}],"collection":[{"href":"https:\/\/cifpn1.com\/calidad\/index.php?rest_route=\/wp\/v2\/posts"}],"about":[{"href":"https:\/\/cifpn1.com\/calidad\/index.php?rest_route=\/wp\/v2\/types\/post"}],"author":[{"embeddable":true,"href":"https:\/\/cifpn1.com\/calidad\/index.php?rest_route=\/wp\/v2\/users\/4"}],"replies":[{"embeddable":true,"href":"https:\/\/cifpn1.com\/calidad\/index.php?rest_route=%2Fwp%2Fv2%2Fcomments&post=306"}],"version-history":[{"count":6,"href":"https:\/\/cifpn1.com\/calidad\/index.php?rest_route=\/wp\/v2\/posts\/306\/revisions"}],"predecessor-version":[{"id":374,"href":"https:\/\/cifpn1.com\/calidad\/index.php?rest_route=\/wp\/v2\/posts\/306\/revisions\/374"}],"wp:attachment":[{"href":"https:\/\/cifpn1.com\/calidad\/index.php?rest_route=%2Fwp%2Fv2%2Fmedia&parent=306"}],"wp:term":[{"taxonomy":"category","embeddable":true,"href":"https:\/\/cifpn1.com\/calidad\/index.php?rest_route=%2Fwp%2Fv2%2Fcategories&post=306"},{"taxonomy":"post_tag","embeddable":true,"href":"https:\/\/cifpn1.com\/calidad\/index.php?rest_route=%2Fwp%2Fv2%2Ftags&post=306"}],"curies":[{"name":"wp","href":"https:\/\/api.w.org\/{rel}","templated":true}]}}