{"id":201,"date":"2019-01-16T09:49:06","date_gmt":"2019-01-16T08:49:06","guid":{"rendered":"http:\/\/cifpn1.com\/calidad\/?p=201"},"modified":"2019-12-22T13:42:36","modified_gmt":"2019-12-22T12:42:36","slug":"prueba","status":"publish","type":"post","link":"https:\/\/cifpn1.com\/calidad\/?p=201","title":{"rendered":"Curso de formaci\u00f3n sobre 5S"},"content":{"rendered":"<p style=\"text-align: center;\">\u00a0<a href=\"https:\/\/cifpn1.com\/calidad\/wp-content\/uploads\/2019\/01\/5S-organizacion-en-el-punto-de-trabajo.jpg\"><img loading=\"lazy\" decoding=\"async\" class=\"size-full wp-image-246 aligncenter\" src=\"https:\/\/cifpn1.com\/calidad\/wp-content\/uploads\/2019\/01\/5S-organizacion-en-el-punto-de-trabajo.jpg\" alt=\"\" width=\"800\" height=\"275\" srcset=\"https:\/\/cifpn1.com\/calidad\/wp-content\/uploads\/2019\/01\/5S-organizacion-en-el-punto-de-trabajo.jpg 800w, https:\/\/cifpn1.com\/calidad\/wp-content\/uploads\/2019\/01\/5S-organizacion-en-el-punto-de-trabajo-300x103.jpg 300w, https:\/\/cifpn1.com\/calidad\/wp-content\/uploads\/2019\/01\/5S-organizacion-en-el-punto-de-trabajo-768x264.jpg 768w\" sizes=\"auto, (max-width: 800px) 100vw, 800px\" \/><\/a><\/p>\n<p style=\"text-align: justify;\">Los coordinadores de calidad e innovaci\u00f3n pertenecientes a los distintos departamentos del CIFP, han asistido a un curso de formaci\u00f3n organizado por el propio Departamento de Calidad e Innovaci\u00f3n del Centro Integrado e impartido por D. Jos\u00e9 Aurelio R. Cucurull.<\/p>\n<p style=\"text-align: justify;\">El <em>Centro Integrado de Formaci\u00f3n Profesional N\u00famero Uno<\/em> ha utilizado la metodolog\u00eda 5S desde su creaci\u00f3n con el fin de lograr lugares de trabajo mejor organizados, m\u00e1s ordenados y m\u00e1s limpios, para lograr una mayor productividad, un mejor entorno laboral y concienciar al alumnado de la importancia del orden y la limpieza.<\/p>\n<p style=\"text-align: justify;\">El curso impartido sobre las 5S pretende renovar y actualizar los conocimientos del profesorado para que la implicaci\u00f3n sea mayor y todos podamos ser part\u00edcipes de tales mejoras.<\/p>\n<p style=\"text-align: justify;\">En los siguientes enlaces pod\u00e9is consultar los contenidos del curso, entre ellos 2 v\u00eddeos explicativos sobre las 5S y los MUDA (los 7 desperdicios identificados por Toyota, marca creadora de la metodolog\u00eda). Tambi\u00e9n hay un juego en el que se ve claramente c\u00f3mo es m\u00e1s f\u00e1cil, r\u00e1pido y eficaz el trabajo en un entorno limpio y ordenado. Os recomendamos que prob\u00e9is a hacer los 4 juegos propuestos.<\/p>\n<p><a href=\"https:\/\/cifpn1.com\/calidad\/wp-content\/uploads\/2018\/05\/Juego-de-las-5S.pdf\">JUEGO DE LAS 5S<\/a><\/p>\n<p>&nbsp;<\/p>\n<div class=\"ose-youtube ose-uid-fb76156b16b3c8f975018efa1aa8b18c ose-embedpress-responsive\" style=\"width:652px; height:552px; max-height:552px; max-width:100%; display:inline-block;\" data-embed-type=\"Youtube\"><iframe loading=\"lazy\" allowFullScreen=\"true\" title=\"Metodologia de las 5S y kaizen\" width=\"652\" height=\"552\" src=\"https:\/\/www.youtube.com\/embed\/Von816Hj5bE?feature=oembed&color=red&rel=0&controls=1&start=&end=&fs=0&iv_load_policy=0&autoplay=0&mute=0&modestbranding=0&cc_load_policy=1&playsinline=1\" frameborder=\"0\" allow=\"accelerometer; encrypted-media;accelerometer;autoplay;clipboard-write;gyroscope;picture-in-picture clipboard-write; encrypted-media; gyroscope; picture-in-picture; web-share\" referrerpolicy=\"strict-origin-when-cross-origin\" allowfullscreen><\/iframe><\/div>\n<p>&nbsp;<\/p>\n<div class=\"ose-youtube ose-uid-ae26c03f12026978560405c2d25d79d1 ose-embedpress-responsive\" style=\"width:652px; height:552px; max-height:552px; max-width:100%; display:inline-block;\" data-embed-type=\"Youtube\"><iframe loading=\"lazy\" allowFullScreen=\"true\" title=\"MUDA: Los 7 desperdicios de Toyota\" width=\"652\" height=\"552\" src=\"https:\/\/www.youtube.com\/embed\/3M5o6VLfbVk?feature=oembed&color=red&rel=0&controls=1&start=&end=&fs=0&iv_load_policy=0&autoplay=0&mute=0&modestbranding=0&cc_load_policy=1&playsinline=1\" frameborder=\"0\" allow=\"accelerometer; encrypted-media;accelerometer;autoplay;clipboard-write;gyroscope;picture-in-picture clipboard-write; encrypted-media; gyroscope; picture-in-picture; web-share\" referrerpolicy=\"strict-origin-when-cross-origin\" allowfullscreen><\/iframe><\/div>\n","protected":false},"excerpt":{"rendered":"<p>\u00a0 Los coordinadores de calidad e innovaci\u00f3n pertenecientes a los distintos departamentos del CIFP, han asistido a un curso de formaci\u00f3n organizado por el propio Departamento de Calidad e Innovaci\u00f3n del Centro Integrado e impartido por D. Jos\u00e9 Aurelio R. &hellip; <a href=\"https:\/\/cifpn1.com\/calidad\/?p=201\">Contin\u00faa leyendo <span class=\"meta-nav\">&rarr;<\/span><\/a><\/p>\n","protected":false},"author":4,"featured_media":0,"comment_status":"closed","ping_status":"closed","sticky":false,"template":"","format":"standard","meta":{"footnotes":""},"categories":[11,6],"tags":[9],"class_list":["post-201","post","type-post","status-publish","format-standard","hentry","category-curso-seminario","category-gestion-5s","tag-uncategorized"],"_links":{"self":[{"href":"https:\/\/cifpn1.com\/calidad\/index.php?rest_route=\/wp\/v2\/posts\/201","targetHints":{"allow":["GET"]}}],"collection":[{"href":"https:\/\/cifpn1.com\/calidad\/index.php?rest_route=\/wp\/v2\/posts"}],"about":[{"href":"https:\/\/cifpn1.com\/calidad\/index.php?rest_route=\/wp\/v2\/types\/post"}],"author":[{"embeddable":true,"href":"https:\/\/cifpn1.com\/calidad\/index.php?rest_route=\/wp\/v2\/users\/4"}],"replies":[{"embeddable":true,"href":"https:\/\/cifpn1.com\/calidad\/index.php?rest_route=%2Fwp%2Fv2%2Fcomments&post=201"}],"version-history":[{"count":10,"href":"https:\/\/cifpn1.com\/calidad\/index.php?rest_route=\/wp\/v2\/posts\/201\/revisions"}],"predecessor-version":[{"id":420,"href":"https:\/\/cifpn1.com\/calidad\/index.php?rest_route=\/wp\/v2\/posts\/201\/revisions\/420"}],"wp:attachment":[{"href":"https:\/\/cifpn1.com\/calidad\/index.php?rest_route=%2Fwp%2Fv2%2Fmedia&parent=201"}],"wp:term":[{"taxonomy":"category","embeddable":true,"href":"https:\/\/cifpn1.com\/calidad\/index.php?rest_route=%2Fwp%2Fv2%2Fcategories&post=201"},{"taxonomy":"post_tag","embeddable":true,"href":"https:\/\/cifpn1.com\/calidad\/index.php?rest_route=%2Fwp%2Fv2%2Ftags&post=201"}],"curies":[{"name":"wp","href":"https:\/\/api.w.org\/{rel}","templated":true}]}}